{"id":78627,"date":"2020-10-14T08:36:33","date_gmt":"2020-10-14T11:36:33","guid":{"rendered":"http:\/\/vinasfm.com\/noticias\/?p=78627"},"modified":"2020-10-15T10:15:27","modified_gmt":"2020-10-15T13:15:27","slug":"el-merendero-los-cuisitos-lanzo-una-campana-solidaria-de-consumo-sustentable","status":"publish","type":"post","link":"https:\/\/vinasfm.com\/noticias\/el-merendero-los-cuisitos-lanzo-una-campana-solidaria-de-consumo-sustentable\/","title":{"rendered":"EL MERENDERO &#8216;LOS CUISITOS&#8217; LANZ\u00d3 UNA CAMPA\u00d1A SOLIDARIA DE CONSUMO SUSTENTABLE"},"content":{"rendered":"<h4><span style=\"color: #000000;\"><strong>Desde el<\/strong><strong> Merendero &#8216;Los Cuisitos&#8217;. emplazado en el Barrio Zangrandi, lanzaron una campa\u00f1a de consumo sustentable, iniciativa solidaria que lleva adelante un grupo de vecinos comprometidos con la comunidad. En di\u00e1logo con F.M. Vi\u00f1as, Florencia Escart\u00edn resalt\u00f3 la importancia de participar de las actividades que son pensadas en ayudar a las familias carecientes.<\/strong><\/span><\/h4>\n<div id=\"attachment_78630\" style=\"width: 300px\" class=\"wp-caption alignleft\"><a style=\"color: #000000;\" href=\"http:\/\/vinasfm.com\/noticias\/wp-content\/uploads\/2020\/10\/d2bc423d-5cb4-462e-a144-b3e2786c1094-e1592482391334-960x641-1.jpg\"><img loading=\"lazy\" decoding=\"async\" aria-describedby=\"caption-attachment-78630\" class=\"size-medium wp-image-78630\" src=\"http:\/\/vinasfm.com\/noticias\/wp-content\/uploads\/2020\/10\/d2bc423d-5cb4-462e-a144-b3e2786c1094-e1592482391334-960x641-1-300x200.jpg\" alt=\"\" width=\"300\" height=\"200\" srcset=\"https:\/\/vinasfm.com\/noticias\/wp-content\/uploads\/2020\/10\/d2bc423d-5cb4-462e-a144-b3e2786c1094-e1592482391334-960x641-1-300x200.jpg 300w, https:\/\/vinasfm.com\/noticias\/wp-content\/uploads\/2020\/10\/d2bc423d-5cb4-462e-a144-b3e2786c1094-e1592482391334-960x641-1-768x513.jpg 768w, https:\/\/vinasfm.com\/noticias\/wp-content\/uploads\/2020\/10\/d2bc423d-5cb4-462e-a144-b3e2786c1094-e1592482391334-960x641-1.jpg 960w\" sizes=\"auto, (max-width: 300px) 100vw, 300px\" \/><\/a><p id=\"caption-attachment-78630\" class=\"wp-caption-text\"><span style=\"color: #000000;\">Merendero &#8216;Los Cuisitos&#8217;.<\/span><\/p><\/div>\n<p><span style=\"color: #000000;\">&#8216;<em style=\"font-weight: bold;\">Consiste en llevar un jean en desuso para ser reciclados y reutilizados en cartucheras y mochilas para el ciclo electivo del a\u00f1o que viene para los chicos del barrio, a quienes se les dificulta conseguir material escolar, por eso queremos colaborar con ellos adem\u00e1s de ayudar al medio ambiente&#8217;<\/em>, explic\u00f3 Escart\u00edn sobre la propuesta de la que invitan a participar a todos los alvearenses.<\/span><\/p>\n<p><span style=\"color: #000000;\">\u00a0&#8216;<strong><em>Las telas textiles son las que m\u00e1s contaminan el medio ambiente y agua por su confecci\u00f3n por eso es sustentable la campa\u00f1a porque le damos vida a cosas que no usamos para que otros que lo necesitan si<\/em><\/strong>&#8216;, puntualiz\u00f3 sobre la campa\u00f1a de triple impacto.<\/span><\/p>\n<p><span style=\"color: #000000;\">Para concretar la campa\u00f1a, el grupo responsable de la entidad posee un convenio con el local comercial Primer Piso: &#8216;<strong><em>Nos cedieron el espacio para la recolecci\u00f3n de los jeans y daban un beneficio del 10% de descuento a quienes dejaran el jean viejo y se lleven uno nuevo del local&#8217;<\/em><\/strong>.<\/span><\/p>\n<p><span style=\"color: #000000;\">&#8216;<strong><em>Hemos recibido un mont\u00f3n de pantalones que van a ser confeccionados por gente que se ofreci\u00f3. Adem\u00e1s estamos recibiendo cierres, botones, abrojos e hilos. Quienes quieran sumarse pueden hacerlo&#8217;,<\/em><\/strong>\u00a0subray\u00f3 la referente del merendero.<\/span><\/p>\n<p><span style=\"color: #000000;\">Al ser consultada por el estado del merendero y la cantidad de personas a las que se asiste, Escart\u00edn manifest\u00f3: &#8216;<strong><em>En el merendero brindamos la leche los martes a cerca de 100 chicos y los s\u00e1bados comen cerca de 170 chicos. Todos conocemos la situaci\u00f3n por la que atravesamos y el merendero tiene carencia de muchas cosas<\/em><\/strong>&#8216;.<\/span><\/p>\n<p><span style=\"color: #000000;\">Finalmente evalu\u00f3 la situaci\u00f3n que se vive en el <strong>Barrio Zangrandi<\/strong>, al que grafic\u00f3 con muchas necesidades &#8216;<strong><em>desde viviendas, gente que vive en casa precaria, falta de alimentaci\u00f3n y asistencia m\u00e9dica. El Punto Wi-Fi no est\u00e1 funcionando y a los chicos se les dificulta para la realizaci\u00f3n de tareas pero ya hemos hecho el reclamo. Muchas veces cuando se acercan a buscar la leche nos piden ayuda con tareas<\/em><\/strong>&#8216;.<\/span><\/p>\n<h5><span style=\"color: #000000;\">\u2022F.B. (F.M. Vi\u00f1as).<\/span><\/h5>\n","protected":false},"excerpt":{"rendered":"<p>Desde el Merendero &#8216;Los Cuisitos&#8217;. emplazado en el Barrio Zangrandi, lanzaron una campa\u00f1a de consumo sustentable, iniciativa solidaria que lleva adelante &#8230;<\/p>\n","protected":false},"author":8,"featured_media":78628,"comment_status":"open","ping_status":"open","sticky":false,"template":"","format":"standard","meta":{"footnotes":""},"categories":[5,11],"tags":[],"class_list":["post-78627","post","type-post","status-publish","format-standard","has-post-thumbnail","hentry","category-actualidad","category-sociales"],"_links":{"self":[{"href":"https:\/\/vinasfm.com\/noticias\/wp-json\/wp\/v2\/posts\/78627","targetHints":{"allow":["GET"]}}],"collection":[{"href":"https:\/\/vinasfm.com\/noticias\/wp-json\/wp\/v2\/posts"}],"about":[{"href":"https:\/\/vinasfm.com\/noticias\/wp-json\/wp\/v2\/types\/post"}],"author":[{"embeddable":true,"href":"https:\/\/vinasfm.com\/noticias\/wp-json\/wp\/v2\/users\/8"}],"replies":[{"embeddable":true,"href":"https:\/\/vinasfm.com\/noticias\/wp-json\/wp\/v2\/comments?post=78627"}],"version-history":[{"count":1,"href":"https:\/\/vinasfm.com\/noticias\/wp-json\/wp\/v2\/posts\/78627\/revisions"}],"predecessor-version":[{"id":78632,"href":"https:\/\/vinasfm.com\/noticias\/wp-json\/wp\/v2\/posts\/78627\/revisions\/78632"}],"wp:featuredmedia":[{"embeddable":true,"href":"https:\/\/vinasfm.com\/noticias\/wp-json\/wp\/v2\/media\/78628"}],"wp:attachment":[{"href":"https:\/\/vinasfm.com\/noticias\/wp-json\/wp\/v2\/media?parent=78627"}],"wp:term":[{"taxonomy":"category","embeddable":true,"href":"https:\/\/vinasfm.com\/noticias\/wp-json\/wp\/v2\/categories?post=78627"},{"taxonomy":"post_tag","embeddable":true,"href":"https:\/\/vinasfm.com\/noticias\/wp-json\/wp\/v2\/tags?post=78627"}],"curies":[{"name":"wp","href":"https:\/\/api.w.org\/{rel}","templated":true}]}}