{"id":78619,"date":"2020-10-14T09:03:46","date_gmt":"2020-10-14T12:03:46","guid":{"rendered":"http:\/\/vinasfm.com\/noticias\/?p=78619"},"modified":"2020-10-15T10:13:27","modified_gmt":"2020-10-15T13:13:27","slug":"b-parque-representante-de-la-fundacion-grupo-america-recorrio-el-avance-de-obra-del-nuevo-sum","status":"publish","type":"post","link":"https:\/\/vinasfm.com\/noticias\/b-parque-representante-de-la-fundacion-grupo-america-recorrio-el-avance-de-obra-del-nuevo-sum\/","title":{"rendered":"B\u00b0 PARQUE: REPRESENTANTE DE LA FUNDACI\u00d3N &#8216;GRUPO AM\u00c9RICA&#8217; RECORRI\u00d3 EL AVANCE DE OBRA DEL NUEVO SUM"},"content":{"rendered":"<h4><span style=\"color: #000000;\"><strong>Personal de la Fundaci\u00f3n Grupo Am\u00e9rica recorri\u00f3 junto al Intendente Marcolini la obra del SUM Barrio &#8216;Parque&#8217;, una obra de 150m2 que la Municipalidad y la Fundaci\u00f3n realizan en conjunto. Durante la semana pr\u00f3xima se colocar\u00e1 el techo.<\/strong><\/span><\/h4>\n<div id=\"attachment_78621\" style=\"width: 300px\" class=\"wp-caption alignleft\"><a style=\"color: #000000;\" href=\"http:\/\/vinasfm.com\/noticias\/wp-content\/uploads\/2020\/10\/FB_IMG_1602633331097.jpg\"><img loading=\"lazy\" decoding=\"async\" aria-describedby=\"caption-attachment-78621\" class=\"size-medium wp-image-78621\" src=\"http:\/\/vinasfm.com\/noticias\/wp-content\/uploads\/2020\/10\/FB_IMG_1602633331097-300x169.jpg\" alt=\"\" width=\"300\" height=\"169\" srcset=\"https:\/\/vinasfm.com\/noticias\/wp-content\/uploads\/2020\/10\/FB_IMG_1602633331097-300x169.jpg 300w, https:\/\/vinasfm.com\/noticias\/wp-content\/uploads\/2020\/10\/FB_IMG_1602633331097.jpg 720w\" sizes=\"auto, (max-width: 300px) 100vw, 300px\" \/><\/a><p id=\"caption-attachment-78621\" class=\"wp-caption-text\"><span style=\"color: #000000;\">Avance de obra en el SUM del B\u00b0 Parque.<\/span><\/p><\/div>\n<div><\/div>\n<div><span style=\"color: #000000;\">El SUM del Barrio Parque es una obra largamente anhelada por los vecinos de la zona, que est\u00e1n viendo como su sue\u00f1o comienza a materializarse. <\/span><\/div>\n<div><\/div>\n<div><span style=\"color: #000000;\">El Jefe Comunal recibi\u00f3 a la <strong>Coordinadora de Inversiones de Fundaci\u00f3n Grupo Am\u00e9rica Gabriela Viel<\/strong> y ambos recorrieron el avance de obra: &#8216;<strong><em>La obra va muy bien, en los tiempos previstos, esperamos para el fin de semana que pueda estar colocado el techo&#8217;<\/em><\/strong>, sostuvo el Ejecutivo.<\/span><\/div>\n<div><\/div>\n<div><span style=\"color: #000000;\">Sin dudas esta es una oportunidad para compartir los criterios de desarrollo social que se vert\u00edan al momento de apostar a este tipo de infraestructura social b\u00e1sico: &#8216;<strong><em>Esto es parte de un conjunto de obra p\u00fablica realizada en un a\u00f1o dif\u00edcil, atravesado por la pandemia, de no parar la obra p\u00fablica y es gracias al esfuerzo compartido&#8217;<\/em><\/strong>, subray\u00f3 Marcolini.<\/span><\/div>\n<div><\/div>\n<div><span style=\"color: #000000;\">Por su parte, Viel asegur\u00f3 que la <strong>Fundaci\u00f3n Grupo Am\u00e9rica<\/strong> articula con el sector p\u00fablico distintas obras: &#8216;<strong><em>Todos los a\u00f1os con nuestro programa Vendimia Solidaria elegimos proyectos y vemos su viabilidad, transparencia\u00a0 e impacto social, este proyecto nos encant\u00f3 por muchos motivos, como la ubicaci\u00f3n geogr\u00e1fica de influencia social que tiene&#8217;<\/em><\/strong>, remarc\u00f3. <\/span><\/div>\n<div><\/div>\n<div><span style=\"color: #000000;\">En este sentido hizo hincapi\u00e9 en la importancia de trabajar en la creaci\u00f3n de un SUM &#8216;<strong><em>donde se brinden talleres y se pueda contener a los vecinos, sobre todo en esta dif\u00edcil \u00e9poca que nos toca atravesar socialmente&#8217;<\/em><\/strong>.<\/span><\/div>\n<div><\/div>\n<div><span style=\"color: #000000;\">Otro punto que remarc\u00f3 la Coordinadora fue el sistema constructivo que permite elaborar una obra segura de manera veloz: &#8216;<strong><em>Nos dicen que esta semana vamos a tener el techo por lo que estamos muy entusiasmados ya que seguramente estaremos pronto inaugurando esta obra&#8217;<\/em><\/strong>.<\/span><\/div>\n<h5><span style=\"color: #000000;\">\u2022F.B.\u00a0<\/span><\/h5>\n","protected":false},"excerpt":{"rendered":"<p>Personal de la Fundaci\u00f3n Grupo Am\u00e9rica recorri\u00f3 junto al Intendente Marcolini la obra del SUM Barrio &#8216;Parque&#8217;, una obra de 150m2 &#8230;<\/p>\n","protected":false},"author":8,"featured_media":78620,"comment_status":"open","ping_status":"open","sticky":false,"template":"","format":"standard","meta":{"footnotes":""},"categories":[5,29],"tags":[],"class_list":["post-78619","post","type-post","status-publish","format-standard","has-post-thumbnail","hentry","category-actualidad","category-obras-y-servicios"],"_links":{"self":[{"href":"https:\/\/vinasfm.com\/noticias\/wp-json\/wp\/v2\/posts\/78619","targetHints":{"allow":["GET"]}}],"collection":[{"href":"https:\/\/vinasfm.com\/noticias\/wp-json\/wp\/v2\/posts"}],"about":[{"href":"https:\/\/vinasfm.com\/noticias\/wp-json\/wp\/v2\/types\/post"}],"author":[{"embeddable":true,"href":"https:\/\/vinasfm.com\/noticias\/wp-json\/wp\/v2\/users\/8"}],"replies":[{"embeddable":true,"href":"https:\/\/vinasfm.com\/noticias\/wp-json\/wp\/v2\/comments?post=78619"}],"version-history":[{"count":1,"href":"https:\/\/vinasfm.com\/noticias\/wp-json\/wp\/v2\/posts\/78619\/revisions"}],"predecessor-version":[{"id":78623,"href":"https:\/\/vinasfm.com\/noticias\/wp-json\/wp\/v2\/posts\/78619\/revisions\/78623"}],"wp:featuredmedia":[{"embeddable":true,"href":"https:\/\/vinasfm.com\/noticias\/wp-json\/wp\/v2\/media\/78620"}],"wp:attachment":[{"href":"https:\/\/vinasfm.com\/noticias\/wp-json\/wp\/v2\/media?parent=78619"}],"wp:term":[{"taxonomy":"category","embeddable":true,"href":"https:\/\/vinasfm.com\/noticias\/wp-json\/wp\/v2\/categories?post=78619"},{"taxonomy":"post_tag","embeddable":true,"href":"https:\/\/vinasfm.com\/noticias\/wp-json\/wp\/v2\/tags?post=78619"}],"curies":[{"name":"wp","href":"https:\/\/api.w.org\/{rel}","templated":true}]}}