{"id":78525,"date":"2020-10-12T09:33:27","date_gmt":"2020-10-12T12:33:27","guid":{"rendered":"http:\/\/vinasfm.com\/noticias\/?p=78525"},"modified":"2020-10-12T21:43:21","modified_gmt":"2020-10-13T00:43:21","slug":"asi-estara-el-tiempo-en-el-comienzo-de-semana","status":"publish","type":"post","link":"https:\/\/vinasfm.com\/noticias\/asi-estara-el-tiempo-en-el-comienzo-de-semana\/","title":{"rendered":"AS\u00cd ESTAR\u00c1 EL TIEMPO EN EL COMIENZO DE SEMANA"},"content":{"rendered":"<h4><strong>El calor primaveral se har\u00e1 presente en el arranque de la semana en Mendoza, con m\u00e1ximas que llegar\u00e1n a los 29 grados este lunes. Seg\u00fan indic\u00f3 la Direcci\u00f3n de Contingencias Clim\u00e1ticas, habr\u00e1 tiempo bueno con ascenso de la temperatura y vientos del noreste.<\/strong><\/h4>\n<p>El martes, en tanto, el term\u00f3metro llegar\u00e1 a marcar 31 grados. Estar\u00e1 c\u00e1lido y poco nuboso, con vientos. La m\u00ednima ser\u00eda de 11C\u00b0.<\/p>\n<p>El mi\u00e9rcoles, se presentar\u00e1 tiempo inestable con nubosidad variable, m\u00e1ximas de 29 grados y vientos moderados del sudeste. La m\u00ednima estimada es de 12C\u00b0.<\/p>\n<h5><strong><em>A.C.<\/em><\/strong><\/h5>\n","protected":false},"excerpt":{"rendered":"<p>El calor primaveral se har\u00e1 presente en el arranque de la semana en Mendoza, con m\u00e1ximas que llegar\u00e1n a los 29 &#8230;<\/p>\n","protected":false},"author":7,"featured_media":62455,"comment_status":"open","ping_status":"open","sticky":false,"template":"","format":"standard","meta":{"footnotes":""},"categories":[5,36],"tags":[],"class_list":["post-78525","post","type-post","status-publish","format-standard","has-post-thumbnail","hentry","category-actualidad","category-pronostico"],"_links":{"self":[{"href":"https:\/\/vinasfm.com\/noticias\/wp-json\/wp\/v2\/posts\/78525","targetHints":{"allow":["GET"]}}],"collection":[{"href":"https:\/\/vinasfm.com\/noticias\/wp-json\/wp\/v2\/posts"}],"about":[{"href":"https:\/\/vinasfm.com\/noticias\/wp-json\/wp\/v2\/types\/post"}],"author":[{"embeddable":true,"href":"https:\/\/vinasfm.com\/noticias\/wp-json\/wp\/v2\/users\/7"}],"replies":[{"embeddable":true,"href":"https:\/\/vinasfm.com\/noticias\/wp-json\/wp\/v2\/comments?post=78525"}],"version-history":[{"count":1,"href":"https:\/\/vinasfm.com\/noticias\/wp-json\/wp\/v2\/posts\/78525\/revisions"}],"predecessor-version":[{"id":78526,"href":"https:\/\/vinasfm.com\/noticias\/wp-json\/wp\/v2\/posts\/78525\/revisions\/78526"}],"wp:featuredmedia":[{"embeddable":true,"href":"https:\/\/vinasfm.com\/noticias\/wp-json\/wp\/v2\/media\/62455"}],"wp:attachment":[{"href":"https:\/\/vinasfm.com\/noticias\/wp-json\/wp\/v2\/media?parent=78525"}],"wp:term":[{"taxonomy":"category","embeddable":true,"href":"https:\/\/vinasfm.com\/noticias\/wp-json\/wp\/v2\/categories?post=78525"},{"taxonomy":"post_tag","embeddable":true,"href":"https:\/\/vinasfm.com\/noticias\/wp-json\/wp\/v2\/tags?post=78525"}],"curies":[{"name":"wp","href":"https:\/\/api.w.org\/{rel}","templated":true}]}}