{"id":78520,"date":"2020-10-12T08:54:00","date_gmt":"2020-10-12T11:54:00","guid":{"rendered":"http:\/\/vinasfm.com\/noticias\/?p=78520"},"modified":"2020-10-13T12:24:01","modified_gmt":"2020-10-13T15:24:01","slug":"productores-se-reuniran-con-funcionarios-provinciales-por-los-danos-de-heladas","status":"publish","type":"post","link":"https:\/\/vinasfm.com\/noticias\/productores-se-reuniran-con-funcionarios-provinciales-por-los-danos-de-heladas\/","title":{"rendered":"PRODUCTORES SE REUNIR\u00c1N CON FUNCIONARIOS PROVINCIALES POR LOS DA\u00d1OS DE HELADAS"},"content":{"rendered":"<h4><span style=\"color: #000000;\"><strong>La helada de la madrugada del lunes 5, afect\u00f3 a gran parte del agro local. Si bien a\u00fan no se puede estimar un porcentaje de p\u00e9rdidas real, An\u00edbal Luna, referente del POS (Productores del Oasis Sur) asegur\u00f3 \u201cque hay da\u00f1os importantes\u201d.<\/strong><\/span><\/h4>\n<p><span style=\"color: #000000;\">En dialogo con F.M. Vi\u00f1as se\u00f1al\u00f3 \u201c<em>los que pueden, tomaron las precauciones debidas para defender, y a los que no nos da la espalda econ\u00f3mica, tratamos de mantener el suelo h\u00famedo y hacer defensa pasiva<\/em>\u201d.<\/span><\/p>\n<p><span style=\"color: #000000;\">Las p\u00e9rdidas se pueden ver con mayor facilidad en las uvas blancas, principalmente en las variedades finas, \u201c<em>en tintas tambi\u00e9n ha hecho da\u00f1o\u201d<\/em>. En frutales la situaci\u00f3n es similar, aunque por las caracter\u00edsticas de la planta es m\u00e1s dif\u00edcil de observar.<\/span><\/p>\n<p><span style=\"color: #000000;\"><strong>Ma\u00f1ana martes a las 12:00 horas, un grupo de productores se reunir\u00e1 en Real del Padre con el Subsecretario de Agricultura y Ganader\u00eda Sergio Moralejo<\/strong> para saber \u201c<em><strong>qu\u00e9 protocolo tiene preparado, que es lo que pasa ahora con un productor chico<\/strong>. Ten\u00edamos la esperanza de una cosecha mejor que las \u00faltimas dos, pero ahora lo vemos truncado<\/em>\u201d, manifest\u00f3.<\/span><\/p>\n<p><span style=\"color: #000000;\"><em>\u201cR\u00e1pidamente se debe buscar una alternativa\u201d<\/em>, ya sea plantando alguna hect\u00e1rea de hortalizas, o cultivos anuales \u201c<em>y para eso se necesita plata\u201d<\/em>, se\u00f1al\u00f3 Luna.<\/span><\/p>\n<p><span style=\"color: #000000;\">Hace un par de a\u00f1os el IDR (Instituto de Desarrollo Rural), contaba con una l\u00ednea de cr\u00e9ditos a tasa 0 y a devolver en 12 meses para la compra de insumos, \u201c<em>era un adelanto para no sacar fiado en la agroqu\u00edmica y pagaras al precio que estaba en ese momento\u201d<\/em>, adem\u00e1s, un ingeniero agr\u00f3nomo de la provincia asesoraba y supervisaba el uso de los fondos, explic\u00f3 Luna.<\/span><\/p>\n<p><span style=\"color: #000000;\"><strong>Este ser\u00e1 uno de los temas que se le plantear\u00e1 a Moralejo para volver a ponerlo en funcionamiento. Tambi\u00e9n pedir\u00e1n detalles sobre el inicio de la Lucha Antigranizo. \u00a0<\/strong><\/span><\/p>\n<p><span style=\"color: #000000;\"><em>\u201cDesde 2.009 nos hemos sentado con los funcionarios de los distintos partidos para decirles cuales son las demandas, cuales son las propuestas, en que venimos trabajando para que no vean que nos quedamos nada m\u00e1s en la queja. Hoy queremos escuchar cu\u00e1l es su programa y cu\u00e1l es la respuesta ante esta helada<\/em>\u201d, sostuvo.<\/span><\/p>\n<p><span style=\"color: #000000;\"><strong>Vale recordar que muchos productores est\u00e1n bajo emergencia agropecuaria hasta el 30 de marzo de 2.021, debido a contingencias de a\u00f1os anteriores.<\/strong><\/span><\/p>\n<h5><span style=\"color: #000000;\"><strong><em>A.C.<\/em><\/strong><\/span><\/h5>\n","protected":false},"excerpt":{"rendered":"<p>La helada de la madrugada del lunes 5, afect\u00f3 a gran parte del agro local. Si bien a\u00fan no se puede &#8230;<\/p>\n","protected":false},"author":7,"featured_media":39838,"comment_status":"open","ping_status":"open","sticky":false,"template":"","format":"standard","meta":{"footnotes":""},"categories":[1],"tags":[],"class_list":["post-78520","post","type-post","status-publish","format-standard","has-post-thumbnail","hentry","category-fmvinas"],"_links":{"self":[{"href":"https:\/\/vinasfm.com\/noticias\/wp-json\/wp\/v2\/posts\/78520","targetHints":{"allow":["GET"]}}],"collection":[{"href":"https:\/\/vinasfm.com\/noticias\/wp-json\/wp\/v2\/posts"}],"about":[{"href":"https:\/\/vinasfm.com\/noticias\/wp-json\/wp\/v2\/types\/post"}],"author":[{"embeddable":true,"href":"https:\/\/vinasfm.com\/noticias\/wp-json\/wp\/v2\/users\/7"}],"replies":[{"embeddable":true,"href":"https:\/\/vinasfm.com\/noticias\/wp-json\/wp\/v2\/comments?post=78520"}],"version-history":[{"count":2,"href":"https:\/\/vinasfm.com\/noticias\/wp-json\/wp\/v2\/posts\/78520\/revisions"}],"predecessor-version":[{"id":78535,"href":"https:\/\/vinasfm.com\/noticias\/wp-json\/wp\/v2\/posts\/78520\/revisions\/78535"}],"wp:featuredmedia":[{"embeddable":true,"href":"https:\/\/vinasfm.com\/noticias\/wp-json\/wp\/v2\/media\/39838"}],"wp:attachment":[{"href":"https:\/\/vinasfm.com\/noticias\/wp-json\/wp\/v2\/media?parent=78520"}],"wp:term":[{"taxonomy":"category","embeddable":true,"href":"https:\/\/vinasfm.com\/noticias\/wp-json\/wp\/v2\/categories?post=78520"},{"taxonomy":"post_tag","embeddable":true,"href":"https:\/\/vinasfm.com\/noticias\/wp-json\/wp\/v2\/tags?post=78520"}],"curies":[{"name":"wp","href":"https:\/\/api.w.org\/{rel}","templated":true}]}}