{"id":78463,"date":"2020-10-12T05:35:27","date_gmt":"2020-10-12T08:35:27","guid":{"rendered":"http:\/\/vinasfm.com\/noticias\/?p=78463"},"modified":"2020-10-14T10:20:17","modified_gmt":"2020-10-14T13:20:17","slug":"sera-virtual-la-atencion-en-pami-y-anses-por-reportarse-casos-de-covid-19-entre-sus-agentes","status":"publish","type":"post","link":"https:\/\/vinasfm.com\/noticias\/sera-virtual-la-atencion-en-pami-y-anses-por-reportarse-casos-de-covid-19-entre-sus-agentes\/","title":{"rendered":"SER\u00c1 VIRTUAL LA ATENCI\u00d3N EN PAMI Y ANSES POR REPORTARSE CASOS DE COVID-19 ENTRE SUS AGENTES"},"content":{"rendered":"<h4><span style=\"color: #000000;\"><strong>Tanto en la Oficina de ANSES como en la de PAMI a partir de la pr\u00f3xima semana se atender\u00e1 de forma virtual a sus beneficiarios producto de haberse registrado casos positivos de Covid-19 entre sus agentes.<\/strong><\/span><\/h4>\n<p><span style=\"color: #000000;\">La medida a aplicar en los organismos nacionales con sede en nuestro departamento fue confirmado por la <strong>Titular de Anses Alvear<\/strong>, <strong>Myrna Osorio<\/strong>, en simult\u00e1neo con el comunicado cursado por <strong>Javier Fagetti<\/strong>, a cargo de la <strong>Oficina de Pami<\/strong>.<\/span><\/p>\n<h4><span style=\"color: #000000;\"><strong>ANSES<\/strong><\/span><\/h4>\n<p><span style=\"color: #000000;\">Luego de una semana sin atenci\u00f3n presencial en la Oficina de ANSES producto de la detecci\u00f3n de casos positivos entre el equipo de trabajo, la Jefatura la instituci\u00f3n comunic\u00f3 que se n<strong>o se atender\u00e1 de forma presencial hasta el pr\u00f3ximo lunes 19 de octubre<\/strong>.<\/span><\/p>\n<p><span style=\"color: #000000;\"><strong>Osorio<\/strong> inform\u00f3 que <strong>los turnos suspendidos se volver\u00e1n a reprogramar<\/strong> y ser\u00e1n notificados al tel\u00e9fono declarado por los beneficiarios.\u00a0<\/span><\/p>\n<p><span style=\"color: #000000;\">Las l\u00edneas de contacto son<a style=\"color: #000000;\" href=\"http:\/\/www.anses.gob.ar\/\"> www.anses.gob.ar<\/a>, sitio donde pueden ingresar a \u2018<strong>Mi Anses<\/strong>\u2018 o a trav\u00e9s de la secci\u00f3n \u2018<strong>Atenci\u00f3n Virtual<\/strong>\u2018 en la que habr\u00e1 un operador comunic\u00e1ndose con el beneficiario que acceda a la plataforma: <strong><em>Adem\u00e1s est\u00e1 <\/em><em>disponible el correo <\/em><a style=\"color: #000000;\" href=\"mailto:oficinagralalvearcuyo@anses.gov.ar\">oficinagralalvearcuyo@anses.gov.ar<\/a><em> para que se comuniquen o en mi pagina personal de Facebook <a style=\"color: #000000;\" href=\"https:\/\/www.facebook.com\/myosoriop\/\">Myrna Osorio, Anses Alvear<\/a><\/em><\/strong>, concluy\u00f3 Myrna.<\/span><\/p>\n<h4><span style=\"color: #000000;\"><strong>PAMI<\/strong><\/span><\/h4>\n<p><span style=\"color: #000000;\"><strong>Uno de los agentes de Pami Alvear fue confirmado con Coronavirus<\/strong> en las \u00faltimas horas, motivo por el que se decidi\u00f3 que <strong>solo se atender\u00e1 a beneficiarios que hayan solicitado turno antes del martes 13 de octubre<\/strong>.<\/span><\/p>\n<p><span style=\"color: #000000;\">Fagetti record\u00f3 que las linea de contacto continuar\u00e1n a disposici\u00f3n de jubilados y pensionados para consultas, tramites y gestiones:<\/span><\/p>\n<ul>\n<li><span style=\"color: #000000;\">\u00a0Turnos online: <a style=\"color: #000000;\" href=\"https:\/\/turnos.pami.org.ar\/\">https:\/\/turnos.pami.org.ar\/<\/a><\/span><\/li>\n<li><span style=\"color: #000000;\">\u00a0Whatsapp: <strong>2625 &#8211; 466826<\/strong><\/span><\/li>\n<\/ul>\n<h5><span style=\"color: #000000;\">\u2022F.B. (F.M. Vi\u00f1as).<\/span><\/h5>\n","protected":false},"excerpt":{"rendered":"<p>Tanto en la Oficina de ANSES como en la de PAMI a partir de la pr\u00f3xima semana se atender\u00e1 de forma &#8230;<\/p>\n","protected":false},"author":8,"featured_media":78466,"comment_status":"open","ping_status":"open","sticky":false,"template":"","format":"standard","meta":{"footnotes":""},"categories":[5,50,64],"tags":[],"class_list":["post-78463","post","type-post","status-publish","format-standard","has-post-thumbnail","hentry","category-actualidad","category-anses","category-pami"],"_links":{"self":[{"href":"https:\/\/vinasfm.com\/noticias\/wp-json\/wp\/v2\/posts\/78463","targetHints":{"allow":["GET"]}}],"collection":[{"href":"https:\/\/vinasfm.com\/noticias\/wp-json\/wp\/v2\/posts"}],"about":[{"href":"https:\/\/vinasfm.com\/noticias\/wp-json\/wp\/v2\/types\/post"}],"author":[{"embeddable":true,"href":"https:\/\/vinasfm.com\/noticias\/wp-json\/wp\/v2\/users\/8"}],"replies":[{"embeddable":true,"href":"https:\/\/vinasfm.com\/noticias\/wp-json\/wp\/v2\/comments?post=78463"}],"version-history":[{"count":2,"href":"https:\/\/vinasfm.com\/noticias\/wp-json\/wp\/v2\/posts\/78463\/revisions"}],"predecessor-version":[{"id":78599,"href":"https:\/\/vinasfm.com\/noticias\/wp-json\/wp\/v2\/posts\/78463\/revisions\/78599"}],"wp:featuredmedia":[{"embeddable":true,"href":"https:\/\/vinasfm.com\/noticias\/wp-json\/wp\/v2\/media\/78466"}],"wp:attachment":[{"href":"https:\/\/vinasfm.com\/noticias\/wp-json\/wp\/v2\/media?parent=78463"}],"wp:term":[{"taxonomy":"category","embeddable":true,"href":"https:\/\/vinasfm.com\/noticias\/wp-json\/wp\/v2\/categories?post=78463"},{"taxonomy":"post_tag","embeddable":true,"href":"https:\/\/vinasfm.com\/noticias\/wp-json\/wp\/v2\/tags?post=78463"}],"curies":[{"name":"wp","href":"https:\/\/api.w.org\/{rel}","templated":true}]}}