{"id":78360,"date":"2020-10-08T00:24:56","date_gmt":"2020-10-08T03:24:56","guid":{"rendered":"http:\/\/vinasfm.com\/noticias\/?p=78360"},"modified":"2020-10-09T10:22:04","modified_gmt":"2020-10-09T13:22:04","slug":"coronavirus-se-confirmaron-604-nuevos-casos-en-mendoza","status":"publish","type":"post","link":"https:\/\/vinasfm.com\/noticias\/coronavirus-se-confirmaron-604-nuevos-casos-en-mendoza\/","title":{"rendered":"CORONAVIRUS: SE CONFIRMARON 604 NUEVOS CASOS EN MENDOZA"},"content":{"rendered":"<h4><strong>El Ministerio de Salud, Desarrollo Social y Deportes confirm\u00f3 este mi\u00e9rcoles\u00a0604 nuevos casos de coronavirus en la provincia. Asimismo, detall\u00f3 que 451 pacientes recibieron el alta y\u00a09 personas con COVID-19 fallecieron en las \u00faltimas 72 horas:\u00a0<\/strong><\/h4>\n<ul>\n<li>Hombre de 53 a\u00f1os internado en el Hospital El Carmen. El paciente contaba con enfermedades previas.<\/li>\n<li>Hombre de 75 a\u00f1os internado en el Hospital El Carmen. El paciente contaba con enfermedades previas.<\/li>\n<li>Mujer de 86 a\u00f1os internada en el Hospital Espa\u00f1ol. La paciente contaba con enfermedades previas.<\/li>\n<li>Mujer de 91 a\u00f1os internada en el Instituto M\u00e9dico de Tunuy\u00e1n. La paciente contaba con comorbilidades previas.<\/li>\n<li>Hombre de 65 a\u00f1os internado en el Hospital Central. El paciente presentaba enfermedades previas.<\/li>\n<li>Hombre de 87 a\u00f1os internado en la Cl\u00ednica de Cuyo. El paciente contaba con enfermedades previas.<\/li>\n<li>Hombre de 50 a\u00f1os internado en el Hospital General Las Heras. El paciente contaba con enfermedades previas.<\/li>\n<li>Hombre de 54 a\u00f1os internado en el Hospital Paroissien. El paciente contaba con enfermedades previas.<\/li>\n<li>Hombre de 80 a\u00f1os internado en el Hospital Lagomaggiore. El paciente contaba con enfermedades previas.<\/li>\n<\/ul>\n<p>La Red de Laboratorios de Biolog\u00eda Molecular del Ministerio de Salud, Desarrollo Social y Deportes de la Provincia inform\u00f3 que entre las \u00faltimas horas de ayer y la jornada de hoy\u00a0<strong>se procesaron 1.351 PCR<\/strong>\u00a0(Reacci\u00f3n en cadena de Polimerasa), de las cuales\u00a0<strong>777 fueron negativas.<\/strong><\/p>\n<p><strong>Se registraron 574 nuevos casos positivos por PCR.<\/strong><\/p>\n<p><strong>Detalle de positivos por PCR<\/strong><\/p>\n<ul>\n<li>Por contacto estrecho con positivos de COVID-19: 162 pacientes. Todos con nexos familiares y contactos estrechos que presentaron s\u00edntomas y el equipo de Salud sali\u00f3 a hisopar.<\/li>\n<li>Operativos Barrios: 176 pacientes.<\/li>\n<li>Personal de Salud: 3 pacientes.<\/li>\n<li>En investigaci\u00f3n: 233 pacientes.<\/li>\n<\/ul>\n<p>Casos por nexo cl\u00ednico epidemiol\u00f3gico: 30 pacientes.<\/p>\n<p><strong>Mendoza cuenta con:<\/strong><\/p>\n<ul>\n<li><strong>28.454 casos positivos confirmados COVID-19.<\/strong><\/li>\n<li><strong>15.857 personas recuperadas COVID-19.<\/strong><\/li>\n<li><strong>359 fallecimientos por COVID-19.<\/strong><\/li>\n<\/ul>\n<p>Es importante recordar que el Ministerio de Salud de Mendoza informa sobre todos los pacientes que ingresan al sistema sanitario p\u00fablico y privado de la provincia. En los casos en que un mendocino da positivo en otras jurisdicciones nacionales -por estar estudiando en otra provincia, por vivir en otro lugar sin registrar el cambio de domicilio o por estar realizando un trabajo temporario-, no ser\u00e1 registrado como caso confirmado en Mendoza.<\/p>\n","protected":false},"excerpt":{"rendered":"<p>El Ministerio de Salud, Desarrollo Social y Deportes confirm\u00f3 este mi\u00e9rcoles\u00a0604 nuevos casos de coronavirus en la provincia. Asimismo, detall\u00f3 que &#8230;<\/p>\n","protected":false},"author":7,"featured_media":69826,"comment_status":"open","ping_status":"open","sticky":false,"template":"","format":"standard","meta":{"footnotes":""},"categories":[5,62],"tags":[],"class_list":["post-78360","post","type-post","status-publish","format-standard","has-post-thumbnail","hentry","category-actualidad","category-coronavirus"],"_links":{"self":[{"href":"https:\/\/vinasfm.com\/noticias\/wp-json\/wp\/v2\/posts\/78360","targetHints":{"allow":["GET"]}}],"collection":[{"href":"https:\/\/vinasfm.com\/noticias\/wp-json\/wp\/v2\/posts"}],"about":[{"href":"https:\/\/vinasfm.com\/noticias\/wp-json\/wp\/v2\/types\/post"}],"author":[{"embeddable":true,"href":"https:\/\/vinasfm.com\/noticias\/wp-json\/wp\/v2\/users\/7"}],"replies":[{"embeddable":true,"href":"https:\/\/vinasfm.com\/noticias\/wp-json\/wp\/v2\/comments?post=78360"}],"version-history":[{"count":1,"href":"https:\/\/vinasfm.com\/noticias\/wp-json\/wp\/v2\/posts\/78360\/revisions"}],"predecessor-version":[{"id":78361,"href":"https:\/\/vinasfm.com\/noticias\/wp-json\/wp\/v2\/posts\/78360\/revisions\/78361"}],"wp:featuredmedia":[{"embeddable":true,"href":"https:\/\/vinasfm.com\/noticias\/wp-json\/wp\/v2\/media\/69826"}],"wp:attachment":[{"href":"https:\/\/vinasfm.com\/noticias\/wp-json\/wp\/v2\/media?parent=78360"}],"wp:term":[{"taxonomy":"category","embeddable":true,"href":"https:\/\/vinasfm.com\/noticias\/wp-json\/wp\/v2\/categories?post=78360"},{"taxonomy":"post_tag","embeddable":true,"href":"https:\/\/vinasfm.com\/noticias\/wp-json\/wp\/v2\/tags?post=78360"}],"curies":[{"name":"wp","href":"https:\/\/api.w.org\/{rel}","templated":true}]}}