{"id":78354,"date":"2020-10-08T09:16:03","date_gmt":"2020-10-08T12:16:03","guid":{"rendered":"http:\/\/vinasfm.com\/noticias\/?p=78354"},"modified":"2020-10-10T12:03:56","modified_gmt":"2020-10-10T15:03:56","slug":"se-registraron-importantes-aumentos-en-las-tarifas-de-alumbrado-publico-por-que","status":"publish","type":"post","link":"https:\/\/vinasfm.com\/noticias\/se-registraron-importantes-aumentos-en-las-tarifas-de-alumbrado-publico-por-que\/","title":{"rendered":"SE REGISTRARON IMPORTANTES AUMENTOS EN LAS TARIFAS DE ALUMBRADO P\u00daBLICO \u00bfPOR QU\u00c9?"},"content":{"rendered":"<h4><span style=\"color: #000000;\"><strong>Ante la consulta de varios vecinos sobre el incremento de la factura el\u00e9ctrica de \u00cdtems como el alumbrado p\u00fablico, F.M. Vi\u00f1as se contact\u00f3 con Claudio Herrada, Gerente Administrativo de Cecsagal quien brind\u00f3 detalles al respecto.<\/strong><\/span><\/h4>\n<p><span style=\"color: #000000;\"><em>\u201cEs una resoluci\u00f3n de la Secretar\u00eda de Servicios P\u00fablicos de la Provincia y tiene que ver con los cargos por servicio de alumbrado p\u00fablico. Se refiere a una serie de municipios que conforman un Sistema Solidario de Compensaci\u00f3n\u201d<\/em>, explic\u00f3 Herrada.<\/span><\/p>\n<div id=\"attachment_33981\" style=\"width: 300px\" class=\"wp-caption alignleft\"><a style=\"color: #000000;\" href=\"http:\/\/vinasfm.com\/noticias\/wp-content\/uploads\/2018\/04\/claudio-herrada-gerente-cecsagal.jpg\"><img loading=\"lazy\" decoding=\"async\" aria-describedby=\"caption-attachment-33981\" class=\"wp-image-33981 size-medium\" src=\"http:\/\/vinasfm.com\/noticias\/wp-content\/uploads\/2018\/04\/claudio-herrada-gerente-cecsagal-300x169.jpg\" alt=\"\" width=\"300\" height=\"169\" srcset=\"https:\/\/vinasfm.com\/noticias\/wp-content\/uploads\/2018\/04\/claudio-herrada-gerente-cecsagal-300x169.jpg 300w, https:\/\/vinasfm.com\/noticias\/wp-content\/uploads\/2018\/04\/claudio-herrada-gerente-cecsagal-768x432.jpg 768w, https:\/\/vinasfm.com\/noticias\/wp-content\/uploads\/2018\/04\/claudio-herrada-gerente-cecsagal-1024x576.jpg 1024w, https:\/\/vinasfm.com\/noticias\/wp-content\/uploads\/2018\/04\/claudio-herrada-gerente-cecsagal-750x420.jpg 750w, https:\/\/vinasfm.com\/noticias\/wp-content\/uploads\/2018\/04\/claudio-herrada-gerente-cecsagal-1140x641.jpg 1140w, https:\/\/vinasfm.com\/noticias\/wp-content\/uploads\/2018\/04\/claudio-herrada-gerente-cecsagal.jpg 1280w\" sizes=\"auto, (max-width: 300px) 100vw, 300px\" \/><\/a><p id=\"caption-attachment-33981\" class=\"wp-caption-text\"><span style=\"color: #000000;\">Claudio Herrada. Gerente de CECSAGAL.<\/span><\/p><\/div>\n<p><span style=\"color: #000000;\">Entre ellos aparecen General Alvear, Jun\u00edn, La Paz, Lavalle, Lujan, Maip\u00fa, Malarg\u00fce, Rivadavia, San Carlos, Santa Rosa, San Mart\u00edn y Tupungato, con el mismo valor, la cual <strong>se ha visto incrementada en m\u00e1s del doble para un usuario sin Tarifa Social.<\/strong><\/span><\/p>\n<p><span style=\"color: #000000;\">En el caso de las bombas de riego, antes no pagaban alumbrado p\u00fablico, <strong>con este nuevo sistema, \u201c<em>el alumbrado p\u00fablico es pagado por todos<\/em><\/strong>\u201d, se\u00f1al\u00f3. <strong>El fundamento es que \u201c<em>todos los usuarios o vecinos se sirven del alumbrado p\u00fablico, aunque en su calle no haya luminarias\u201d.<\/em><\/strong><\/span><\/p>\n<p><span style=\"color: #000000;\"><em>\u201c<strong>Las distribuidoras solo funcionan como agente de cobranza. Ese dinero va al Municipio, y este lo utilizar\u00e1 l\u00f3gicamente para el pago de energ\u00eda del alumbrado\u201d<\/strong><\/em>, indic\u00f3 el gerente de CECSAGAL. E<strong>l argumento para el aumento es el desfasaje entre lo que se recaudaba y lo que realmente cuesta el servicio.<\/strong><\/span><\/p>\n<h5><span style=\"color: #000000;\"><em><strong>A.C.<\/strong><\/em><\/span><\/h5>\n","protected":false},"excerpt":{"rendered":"<p>Ante la consulta de varios vecinos sobre el incremento de la factura el\u00e9ctrica de \u00cdtems como el alumbrado p\u00fablico, F.M. Vi\u00f1as &#8230;<\/p>\n","protected":false},"author":7,"featured_media":10310,"comment_status":"open","ping_status":"open","sticky":false,"template":"","format":"standard","meta":{"footnotes":""},"categories":[5,60],"tags":[],"class_list":["post-78354","post","type-post","status-publish","format-standard","has-post-thumbnail","hentry","category-actualidad","category-cecsagal"],"_links":{"self":[{"href":"https:\/\/vinasfm.com\/noticias\/wp-json\/wp\/v2\/posts\/78354","targetHints":{"allow":["GET"]}}],"collection":[{"href":"https:\/\/vinasfm.com\/noticias\/wp-json\/wp\/v2\/posts"}],"about":[{"href":"https:\/\/vinasfm.com\/noticias\/wp-json\/wp\/v2\/types\/post"}],"author":[{"embeddable":true,"href":"https:\/\/vinasfm.com\/noticias\/wp-json\/wp\/v2\/users\/7"}],"replies":[{"embeddable":true,"href":"https:\/\/vinasfm.com\/noticias\/wp-json\/wp\/v2\/comments?post=78354"}],"version-history":[{"count":1,"href":"https:\/\/vinasfm.com\/noticias\/wp-json\/wp\/v2\/posts\/78354\/revisions"}],"predecessor-version":[{"id":78406,"href":"https:\/\/vinasfm.com\/noticias\/wp-json\/wp\/v2\/posts\/78354\/revisions\/78406"}],"wp:featuredmedia":[{"embeddable":true,"href":"https:\/\/vinasfm.com\/noticias\/wp-json\/wp\/v2\/media\/10310"}],"wp:attachment":[{"href":"https:\/\/vinasfm.com\/noticias\/wp-json\/wp\/v2\/media?parent=78354"}],"wp:term":[{"taxonomy":"category","embeddable":true,"href":"https:\/\/vinasfm.com\/noticias\/wp-json\/wp\/v2\/categories?post=78354"},{"taxonomy":"post_tag","embeddable":true,"href":"https:\/\/vinasfm.com\/noticias\/wp-json\/wp\/v2\/tags?post=78354"}],"curies":[{"name":"wp","href":"https:\/\/api.w.org\/{rel}","templated":true}]}}