{"id":78338,"date":"2020-10-08T09:40:24","date_gmt":"2020-10-08T12:40:24","guid":{"rendered":"http:\/\/vinasfm.com\/noticias\/?p=78338"},"modified":"2020-10-10T13:16:30","modified_gmt":"2020-10-10T16:16:30","slug":"el-rio-atuel-traera-el-67-de-agua-de-un-ano-medio","status":"publish","type":"post","link":"https:\/\/vinasfm.com\/noticias\/el-rio-atuel-traera-el-67-de-agua-de-un-ano-medio\/","title":{"rendered":"EL R\u00cdO ATUEL TRAER\u00c1 EL 67% DE AGUA DE UN A\u00d1O MEDIO"},"content":{"rendered":"<h4><strong>Durante la tarde del mi\u00e9rcoles se conoci\u00f3 el Pron\u00f3stico de Escurrimiento de las cuencas de los r\u00edos Atuel y Diamante para el periodo 2020\/21. Si bien ambas presentan mejoras respecto a la temporada pasada, no llegan a la media hist\u00f3rica. La situaci\u00f3n en el resto de los r\u00edos de Mendoza es similar.<\/strong><\/h4>\n<p><strong>En dialogo con F.M. Vi\u00f1as el Subdelegado del Atuel, Ing. Mart\u00edn Hidalg<\/strong>o se\u00f1al\u00f3 \u201c<strong><em>este a\u00f1o la situaci\u00f3n ha mejorado muy poco\u201d,<\/em><\/strong> explicando que, de 7 niveles tomados como referencia para estimar los caudales a recibir durante el ciclo, \u201ce<em>st\u00e1bamos en el \u00faltimo y ahora hemos pasado al pen\u00faltimo<\/em>\u201d. El lapso 2019\/20, fue el m\u00e1s seco de los 114 de registro que tiene el Departamento General de Irrigaci\u00f3n.<\/p>\n<blockquote><p><strong>El a\u00f1o se pronostica como \u201cPobre\u201d, con un 67% de agua de un a\u00f1o medio. Para tener una idea en n\u00fameros, el pron\u00f3stico de este a\u00f1o es 740 hect\u00f3metros c\u00fabicos de derrame, es decir el volumen que va a escurrir hasta septiembre de 2021. El medio hist\u00f3rico ha sido de 1100 hect\u00f3metros c\u00fabicos, mientras que el del a\u00f1o pasado fue de 590. \u00a0En promedio el r\u00edo traer\u00e1 23 m<sup>3<\/sup>\/s, cuando el medio es de 35 m<sup>3<\/sup>\/s.<\/strong><\/p><\/blockquote>\n<div id=\"attachment_76355\" style=\"width: 300px\" class=\"wp-caption alignleft\"><a href=\"http:\/\/vinasfm.com\/noticias\/wp-content\/uploads\/2020\/09\/FB_IMG_1599532184261.jpg\"><img loading=\"lazy\" decoding=\"async\" aria-describedby=\"caption-attachment-76355\" class=\"size-medium wp-image-76355\" src=\"http:\/\/vinasfm.com\/noticias\/wp-content\/uploads\/2020\/09\/FB_IMG_1599532184261-300x200.jpg\" alt=\"\" width=\"300\" height=\"200\" srcset=\"https:\/\/vinasfm.com\/noticias\/wp-content\/uploads\/2020\/09\/FB_IMG_1599532184261-300x200.jpg 300w, https:\/\/vinasfm.com\/noticias\/wp-content\/uploads\/2020\/09\/FB_IMG_1599532184261.jpg 720w\" sizes=\"auto, (max-width: 300px) 100vw, 300px\" \/><\/a><p id=\"caption-attachment-76355\" class=\"wp-caption-text\">Mart\u00edn Hidalgo, Subdelegado del Atuel.<\/p><\/div>\n<p>Pese a las fuertes nevadas registradas a fines del oto\u00f1o y principios del invierno, <strong>gran parte de esa agua recarga los acu\u00edferos subterr\u00e1neos y otro porcentaje se evapora<\/strong>. Vale aclarar que el escurrimiento se toma en la estaci\u00f3n de aforo \u201cLa Angostura\u201d, aguas arriba del Nihuil, por lo que <strong>realmente para el riego se contar\u00edan con 610 hect\u00f3metros c\u00fabicos.<\/strong><\/p>\n<p><em>\u201c<strong>Seguimos en una crisis muy profunda lo que nos obliga a seguir siendo extremadamente cuidadosos con este recurso y con la distribuci\u00f3n del mismo\u201d<\/strong>,<\/em> asegur\u00f3 Hidalgo.<\/p>\n<p>Durante esta temporada, seguramente <strong>se deber\u00e1 volver a seccionar el agua para riego<\/strong>. El nivel del sistema de embalses <strong>Nihuil \u2013 Valle Grande es preocupante estando al 40% actualmente.<\/strong><\/p>\n<h4><strong>CONFLICTO CON LA PAMPA<\/strong><\/h4>\n<p><strong><em>\u201cCon estos valores no hay forma de cumplir con lo que ha establecido la Corte<\/em><\/strong>. <em>F\u00edsicamente es imposible porque para llegar a eso irreversiblemente va a haber da\u00f1os en nuestra \u00e1rea irrigada\u201d,<\/em> sostuvo.<\/p>\n<p>El Subdelegado alert\u00f3 que \u201c<strong><em>si intentamos cumplir los 3,3 m<sup>3<\/sup>\/s en el l\u00edmite, indefectiblemente significa que hay que dejar de regar hect\u00e1reas en la provincia de Mendoza\u201d<\/em><\/strong>.<\/p>\n<h5><strong><em>A.C.<\/em><\/strong><\/h5>\n","protected":false},"excerpt":{"rendered":"<p>Durante la tarde del mi\u00e9rcoles se conoci\u00f3 el Pron\u00f3stico de Escurrimiento de las cuencas de los r\u00edos Atuel y Diamante para &#8230;<\/p>\n","protected":false},"author":7,"featured_media":69848,"comment_status":"open","ping_status":"open","sticky":false,"template":"","format":"standard","meta":{"footnotes":""},"categories":[5,37],"tags":[],"class_list":["post-78338","post","type-post","status-publish","format-standard","has-post-thumbnail","hentry","category-actualidad","category-irrigacion"],"_links":{"self":[{"href":"https:\/\/vinasfm.com\/noticias\/wp-json\/wp\/v2\/posts\/78338","targetHints":{"allow":["GET"]}}],"collection":[{"href":"https:\/\/vinasfm.com\/noticias\/wp-json\/wp\/v2\/posts"}],"about":[{"href":"https:\/\/vinasfm.com\/noticias\/wp-json\/wp\/v2\/types\/post"}],"author":[{"embeddable":true,"href":"https:\/\/vinasfm.com\/noticias\/wp-json\/wp\/v2\/users\/7"}],"replies":[{"embeddable":true,"href":"https:\/\/vinasfm.com\/noticias\/wp-json\/wp\/v2\/comments?post=78338"}],"version-history":[{"count":1,"href":"https:\/\/vinasfm.com\/noticias\/wp-json\/wp\/v2\/posts\/78338\/revisions"}],"predecessor-version":[{"id":78339,"href":"https:\/\/vinasfm.com\/noticias\/wp-json\/wp\/v2\/posts\/78338\/revisions\/78339"}],"wp:featuredmedia":[{"embeddable":true,"href":"https:\/\/vinasfm.com\/noticias\/wp-json\/wp\/v2\/media\/69848"}],"wp:attachment":[{"href":"https:\/\/vinasfm.com\/noticias\/wp-json\/wp\/v2\/media?parent=78338"}],"wp:term":[{"taxonomy":"category","embeddable":true,"href":"https:\/\/vinasfm.com\/noticias\/wp-json\/wp\/v2\/categories?post=78338"},{"taxonomy":"post_tag","embeddable":true,"href":"https:\/\/vinasfm.com\/noticias\/wp-json\/wp\/v2\/tags?post=78338"}],"curies":[{"name":"wp","href":"https:\/\/api.w.org\/{rel}","templated":true}]}}