{"id":78337,"date":"2020-10-08T09:00:44","date_gmt":"2020-10-08T12:00:44","guid":{"rendered":"http:\/\/vinasfm.com\/noticias\/?p=78337"},"modified":"2020-10-10T12:04:04","modified_gmt":"2020-10-10T15:04:04","slug":"trasladaron-a-san-rafael-a-un-joven-lesionado-tras-participar-de-una-rina-en-el-b-zangrandi","status":"publish","type":"post","link":"https:\/\/vinasfm.com\/noticias\/trasladaron-a-san-rafael-a-un-joven-lesionado-tras-participar-de-una-rina-en-el-b-zangrandi\/","title":{"rendered":"TRASLADARON A SAN RAFAEL A UN JOVEN LESIONADO TRAS PARTICIPAR DE UNA RI\u00d1A EN EL B\u00b0 ZANGRANDI"},"content":{"rendered":"<h4><span style=\"color: #000000;\"><strong>En horas de la madrugada de este jueves, un joven de 19 a\u00f1os termin\u00f3 gravemente lesionado luego de participar de una ri\u00f1a que se produjo en el Barrio Zangrandi.<\/strong><\/span><\/h4>\n<p><span style=\"color: #000000;\">Un vecino advirti\u00f3 la situaci\u00f3n alrededor de las <strong>05:50h<\/strong> y al ver una persona tendida sobre la calle comunic\u00f3 lo sucedido al <strong>911<\/strong> por lo que acudi\u00f3 la polic\u00eda a verificar los hechos.<\/span><\/p>\n<p><span style=\"color: #000000;\">Al arribar, los uniformados entrevistaron a algunos vecinos que atestiguaron la pelea callejera y confirmaron que tras escuchar ruidos provenientes de la calle observaron la feroz gresca entre dos hombres, mayores de edad.<\/span><\/p>\n<p><span style=\"color: #000000;\"><strong>Uno de los intervinientes se dio a la fuga<\/strong> tras causarle al joven de 19 a\u00f1os <strong><em>traumatismo de cr\u00e1neo con edema<\/em><\/strong> y <strong><em>hematoma en ojo izquierdo<\/em><\/strong>. Autom\u00e1ticamente una ambulancia lo traslad\u00f3 al <strong>Hospital &#8216;Enfermeros Argentinos&#8217;<\/strong> donde le brindaron el primer servicio de asistencia. <strong>Ante el grave estado que reviste se lo traslad\u00f3 al Hospital Teodoro J. Schestakow<\/strong>.<\/span><\/p>\n<p><span style=\"color: #000000;\">En el escenario del hecho, trabaj\u00f3 personal de Comisar\u00eda 14\u00b0 bajo instrucci\u00f3n de la Unidad Fiscal de General Alvear.<\/span><\/p>\n<h5><span style=\"color: #000000;\">\u2022F.B. (F.M. Vi\u00f1as).<\/span><\/h5>\n","protected":false},"excerpt":{"rendered":"<p>En horas de la madrugada de este jueves, un joven de 19 a\u00f1os termin\u00f3 gravemente lesionado luego de participar de una &#8230;<\/p>\n","protected":false},"author":8,"featured_media":77245,"comment_status":"open","ping_status":"open","sticky":false,"template":"","format":"standard","meta":{"footnotes":""},"categories":[5,4],"tags":[],"class_list":["post-78337","post","type-post","status-publish","format-standard","has-post-thumbnail","hentry","category-actualidad","category-policiales"],"_links":{"self":[{"href":"https:\/\/vinasfm.com\/noticias\/wp-json\/wp\/v2\/posts\/78337","targetHints":{"allow":["GET"]}}],"collection":[{"href":"https:\/\/vinasfm.com\/noticias\/wp-json\/wp\/v2\/posts"}],"about":[{"href":"https:\/\/vinasfm.com\/noticias\/wp-json\/wp\/v2\/types\/post"}],"author":[{"embeddable":true,"href":"https:\/\/vinasfm.com\/noticias\/wp-json\/wp\/v2\/users\/8"}],"replies":[{"embeddable":true,"href":"https:\/\/vinasfm.com\/noticias\/wp-json\/wp\/v2\/comments?post=78337"}],"version-history":[{"count":2,"href":"https:\/\/vinasfm.com\/noticias\/wp-json\/wp\/v2\/posts\/78337\/revisions"}],"predecessor-version":[{"id":78351,"href":"https:\/\/vinasfm.com\/noticias\/wp-json\/wp\/v2\/posts\/78337\/revisions\/78351"}],"wp:featuredmedia":[{"embeddable":true,"href":"https:\/\/vinasfm.com\/noticias\/wp-json\/wp\/v2\/media\/77245"}],"wp:attachment":[{"href":"https:\/\/vinasfm.com\/noticias\/wp-json\/wp\/v2\/media?parent=78337"}],"wp:term":[{"taxonomy":"category","embeddable":true,"href":"https:\/\/vinasfm.com\/noticias\/wp-json\/wp\/v2\/categories?post=78337"},{"taxonomy":"post_tag","embeddable":true,"href":"https:\/\/vinasfm.com\/noticias\/wp-json\/wp\/v2\/tags?post=78337"}],"curies":[{"name":"wp","href":"https:\/\/api.w.org\/{rel}","templated":true}]}}