{"id":78330,"date":"2020-10-08T08:47:06","date_gmt":"2020-10-08T11:47:06","guid":{"rendered":"http:\/\/vinasfm.com\/noticias\/?p=78330"},"modified":"2020-10-10T12:04:39","modified_gmt":"2020-10-10T15:04:39","slug":"se-presento-un-proyecto-para-que-los-empleados-publicos-puedan-elegir-su-obra-social","status":"publish","type":"post","link":"https:\/\/vinasfm.com\/noticias\/se-presento-un-proyecto-para-que-los-empleados-publicos-puedan-elegir-su-obra-social\/","title":{"rendered":"SE PRESENT\u00d3 UN PROYECTO PARA QUE LOS EMPLEADOS P\u00daBLICOS PUEDAN ELEGIR SU OBRA SOCIAL"},"content":{"rendered":"<h4><strong>El Diputado Mario Vadillo de Ciudadanos por Mendoza present\u00f3 un proyecto en la Legislatura para que los empleados p\u00fablicos en la provincia puedan elegir a que obra social afiliarse. Actualmente solo lo pueden hacer a OSEP.<\/strong><\/h4>\n<p>En dialogo con F.M. Vi\u00f1as Vadillo reflej\u00f3 que esto nace a partir de los <strong>numerosos reclamos por parte de los empleados p\u00fablicos, especialmente durante la pandemia<\/strong>, \u201c<em>personal de seguridad nos ha hecho llegar que OSEP ni siquiera le ha cubierto un hisopado, un tratamiento\u201d<\/em>.<\/p>\n<div id=\"attachment_61266\" style=\"width: 225px\" class=\"wp-caption alignleft\"><a href=\"http:\/\/vinasfm.com\/noticias\/wp-content\/uploads\/2019\/11\/vadillo.jpg\"><img loading=\"lazy\" decoding=\"async\" aria-describedby=\"caption-attachment-61266\" class=\"size-full wp-image-61266\" src=\"http:\/\/vinasfm.com\/noticias\/wp-content\/uploads\/2019\/11\/vadillo.jpg\" alt=\"\" width=\"225\" height=\"225\" srcset=\"https:\/\/vinasfm.com\/noticias\/wp-content\/uploads\/2019\/11\/vadillo.jpg 225w, https:\/\/vinasfm.com\/noticias\/wp-content\/uploads\/2019\/11\/vadillo-150x150.jpg 150w\" sizes=\"auto, (max-width: 225px) 100vw, 225px\" \/><\/a><p id=\"caption-attachment-61266\" class=\"wp-caption-text\">Mario Vadillo &#8211; Diputado Provincial.<\/p><\/div>\n<p><em>\u201c<strong>\u00bfPorque no pueden elegir otra, si cualquier trabajador de Argentina todos los a\u00f1os pueden elegir<\/strong> l<strong>a que m\u00e1s se adapte a sus necesidades<\/strong>, porque en Mendoza sienten que tienen que estar de rehenes?\u201d<\/em>, cuestion\u00f3.<\/p>\n<p>El diputado sostuvo que \u201c<em>hace a\u00f1os que se ha tomado no para servir a sus afiliados, sino para servir al gobierno de turno que la usa de caja pol\u00edtica\u201d.<\/em><\/p>\n<p>Seg\u00fan expres\u00f3, \u201c<em>es una obra social deficitaria\u201d<\/em>. Durante el 2020 OSEP recibi\u00f3 un subsidio de m\u00e1s de $100 millones,<em> \u201cno estamos subsidiando a los empleados, sino el negocio que hay en el hay empleados que han metido, prestadores que cobran m\u00e1s caros los servicios<\/em>\u201d. Sin embargo, los servicios que debe brindar no ha mostrado una mejora.<\/p>\n<p><strong>Durante la pandemia, <em>\u201ces casi imposible requerir sus prestaciones. No quieren cubrir una cirug\u00eda de urgencia, no dan prestaciones b\u00e1sicas como odontolog\u00eda\u201d,<\/em> se\u00f1al\u00f3. La mayor\u00eda de las denuncias llegan de la zona sur.<\/strong><\/p>\n<p>La Obra Social de los Empleados P\u00fablicos <strong>es la m\u00e1s importante de la provincia con alrededor de 400.000 afiliados,<\/strong> \u201c<strong><em>y a su vez la que peor presta sus servicios\u201d.<\/em><\/strong><\/p>\n<p>El proyecto de Vadillo hace pocos d\u00edas ingres\u00f3 en la Legislatura y a\u00fan no ha pasado por las comisiones para su estudio, pero contar\u00eda con el apoyo de gran parte de los afiliados a OSEP.<\/p>\n<h5><strong><em>A.C.<\/em><\/strong><\/h5>\n<p>&nbsp;<\/p>\n<p>&nbsp;<\/p>\n<p>&nbsp;<\/p>\n<p>&nbsp;<\/p>\n<p>&nbsp;<\/p>\n<p>&nbsp;<\/p>\n","protected":false},"excerpt":{"rendered":"<p>El Diputado Mario Vadillo de Ciudadanos por Mendoza present\u00f3 un proyecto en la Legislatura para que los empleados p\u00fablicos en la &#8230;<\/p>\n","protected":false},"author":7,"featured_media":7093,"comment_status":"open","ping_status":"open","sticky":false,"template":"","format":"standard","meta":{"footnotes":""},"categories":[5,43],"tags":[],"class_list":["post-78330","post","type-post","status-publish","format-standard","has-post-thumbnail","hentry","category-actualidad","category-legislatura"],"_links":{"self":[{"href":"https:\/\/vinasfm.com\/noticias\/wp-json\/wp\/v2\/posts\/78330","targetHints":{"allow":["GET"]}}],"collection":[{"href":"https:\/\/vinasfm.com\/noticias\/wp-json\/wp\/v2\/posts"}],"about":[{"href":"https:\/\/vinasfm.com\/noticias\/wp-json\/wp\/v2\/types\/post"}],"author":[{"embeddable":true,"href":"https:\/\/vinasfm.com\/noticias\/wp-json\/wp\/v2\/users\/7"}],"replies":[{"embeddable":true,"href":"https:\/\/vinasfm.com\/noticias\/wp-json\/wp\/v2\/comments?post=78330"}],"version-history":[{"count":1,"href":"https:\/\/vinasfm.com\/noticias\/wp-json\/wp\/v2\/posts\/78330\/revisions"}],"predecessor-version":[{"id":78331,"href":"https:\/\/vinasfm.com\/noticias\/wp-json\/wp\/v2\/posts\/78330\/revisions\/78331"}],"wp:featuredmedia":[{"embeddable":true,"href":"https:\/\/vinasfm.com\/noticias\/wp-json\/wp\/v2\/media\/7093"}],"wp:attachment":[{"href":"https:\/\/vinasfm.com\/noticias\/wp-json\/wp\/v2\/media?parent=78330"}],"wp:term":[{"taxonomy":"category","embeddable":true,"href":"https:\/\/vinasfm.com\/noticias\/wp-json\/wp\/v2\/categories?post=78330"},{"taxonomy":"post_tag","embeddable":true,"href":"https:\/\/vinasfm.com\/noticias\/wp-json\/wp\/v2\/tags?post=78330"}],"curies":[{"name":"wp","href":"https:\/\/api.w.org\/{rel}","templated":true}]}}