{"id":78323,"date":"2020-10-08T07:25:21","date_gmt":"2020-10-08T10:25:21","guid":{"rendered":"http:\/\/vinasfm.com\/noticias\/?p=78323"},"modified":"2020-10-08T12:40:33","modified_gmt":"2020-10-08T15:40:33","slug":"heladas-cerca-de-3-500-productores-cuentan-con-cobertura-del-seguro-agricola","status":"publish","type":"post","link":"https:\/\/vinasfm.com\/noticias\/heladas-cerca-de-3-500-productores-cuentan-con-cobertura-del-seguro-agricola\/","title":{"rendered":"HELADAS: CERCA DE 3.500 PRODUCTORES CUENTAN CON COBERTURA DEL SEGURO AGR\u00cdCOLA"},"content":{"rendered":"<h4><span style=\"color: #000000;\">La Provincia extendi\u00f3 para la temporada 2020-2021 tres l\u00edneas de protecci\u00f3n por contingencias clim\u00e1ticas para el sector agr\u00edcola. Los afectados por las heladas deber\u00e1n esperar la apertura de recepci\u00f3n de denuncias para realizar los pedidos correspondientes.<\/span><\/h4>\n<p><span style=\"color: #000000;\">Alrededor de 3.500 productores est\u00e1n adheridos al programa protecci\u00f3n del riesgo agr\u00edcola, extendido a trav\u00e9s del Seguro Agr\u00edcola y del Fondo Compensador Agr\u00edcola. Esto representa en la cobertura por siniestros, por heladas tard\u00edas y granizo, de 25.000 hect\u00e1reas de vid, frutales, hortalizas y pasturas, repartida en los diferentes oasis de Mendoza.<\/span><\/p>\n<p><span style=\"color: #000000;\">El Seguro Agr\u00edcola es la l\u00ednea para\u00a0productores de hasta 20 hect\u00e1reas, garantiza una compensaci\u00f3n de $20.000 por hect\u00e1reas de vid y\/o frutales, en caso de que los da\u00f1os por granizo y\/o helada en la producci\u00f3n equivalgan al 100%. En cuanto a las hortalizas de verano y cereales, el pago indemnizatorio por hect\u00e1rea afectada al 100%\u00a0\u00a0es de $3.900.<\/span><\/p>\n<p><span style=\"color: #000000;\">Por otro lado, se extiende el Fondo Compensador Agr\u00edcola que est\u00e1\u00a0\u00a0destinado a\u00a0productores de m\u00e1s de 20 hect\u00e1reas, la compensaci\u00f3n establecida por hect\u00e1rea de vid y\/ o frutales afectada al 100% por granizo y\/o helada es de $19.795 y en el caso de los cultivos hort\u00edcolas y\/o cereales es de $3.900 por hect\u00e1reas.<\/span><\/p>\n<p><span style=\"color: #000000;\">En tanto la tercera l\u00ednea pertenece al Fondo Compensador Agr\u00edcola y abarca a\u00a0contratistas de vi\u00f1as y frutales.\u00a0\u00a0En este caso el pago por hect\u00e1rea afectada al 100% es de $3.960. El padr\u00f3n para la adhesi\u00f3n para los contratistas se abri\u00f3 el 23 de septiembre y cerrar\u00e1 el 9 de octubre, cuando concluya del plazo para pagar la primera cuota.<\/span><\/p>\n<h4><span style=\"color: #000000;\"><strong>Denuncias de da\u00f1os por heladas tard\u00edas<\/strong><\/span><\/h4>\n<p><span style=\"color: #000000;\">Los productores con posibles da\u00f1os en sus cultivos por las bajas temperaturas de las \u00faltimas horas, podr\u00e1n realizar las denuncias o pedido de tasaci\u00f3n cuando la Direcci\u00f3n de Contingencias Clim\u00e1ticas determine cu\u00e1les son las zonas castigados por la inclemencia. Los t\u00e9cnicos de DCC trabajan desde la ma\u00f1ana del lunes para conocer el alcance de los da\u00f1os en los distintos oasis.<\/span><\/p>\n<p><span style=\"color: #000000;\">La evaluaci\u00f3n de da\u00f1os por heladas tiene un per\u00edodo de espera para la observaci\u00f3n de las consecuencias de 20 d\u00edas corridos desde el momento de ocurrida la contingencia. Luego se realiza la apertura de la recepci\u00f3n de denuncias y\u00a0\u00a0los productores tendr\u00e1n un plazo de 10 d\u00edas h\u00e1biles para realizar el tr\u00e1mite.<\/span><\/p>\n<p><span style=\"color: #000000;\">Debido a las disposiciones de aislamiento social dispuestas por la pandemia las denuncias por da\u00f1os en la temporada 2020-2021 podr\u00e1n realizarse a trav\u00e9s de internet, en el sitio web\u00a0<a style=\"color: #000000;\" href=\"http:\/\/www.contingencias.mendoza.gov.ar\/\" target=\"_blank\" rel=\"noreferrer noopener\">www.contingencias.mendoza.gov.ar<\/a>. Tambi\u00e9n, en forma presencial en las distintas delegaciones y centros receptores de la Direcci\u00f3n de Contingencias Clim\u00e1ticas, de lunes a viernes de 9 a 14.<\/span><\/p>\n<h5><strong><em>A.C.<\/em><\/strong><\/h5>\n","protected":false},"excerpt":{"rendered":"<p>La Provincia extendi\u00f3 para la temporada 2020-2021 tres l\u00edneas de protecci\u00f3n por contingencias clim\u00e1ticas para el sector agr\u00edcola. Los afectados por &#8230;<\/p>\n","protected":false},"author":7,"featured_media":39890,"comment_status":"open","ping_status":"open","sticky":false,"template":"","format":"standard","meta":{"footnotes":""},"categories":[5,14],"tags":[],"class_list":["post-78323","post","type-post","status-publish","format-standard","has-post-thumbnail","hentry","category-actualidad","category-agro"],"_links":{"self":[{"href":"https:\/\/vinasfm.com\/noticias\/wp-json\/wp\/v2\/posts\/78323","targetHints":{"allow":["GET"]}}],"collection":[{"href":"https:\/\/vinasfm.com\/noticias\/wp-json\/wp\/v2\/posts"}],"about":[{"href":"https:\/\/vinasfm.com\/noticias\/wp-json\/wp\/v2\/types\/post"}],"author":[{"embeddable":true,"href":"https:\/\/vinasfm.com\/noticias\/wp-json\/wp\/v2\/users\/7"}],"replies":[{"embeddable":true,"href":"https:\/\/vinasfm.com\/noticias\/wp-json\/wp\/v2\/comments?post=78323"}],"version-history":[{"count":1,"href":"https:\/\/vinasfm.com\/noticias\/wp-json\/wp\/v2\/posts\/78323\/revisions"}],"predecessor-version":[{"id":78324,"href":"https:\/\/vinasfm.com\/noticias\/wp-json\/wp\/v2\/posts\/78323\/revisions\/78324"}],"wp:featuredmedia":[{"embeddable":true,"href":"https:\/\/vinasfm.com\/noticias\/wp-json\/wp\/v2\/media\/39890"}],"wp:attachment":[{"href":"https:\/\/vinasfm.com\/noticias\/wp-json\/wp\/v2\/media?parent=78323"}],"wp:term":[{"taxonomy":"category","embeddable":true,"href":"https:\/\/vinasfm.com\/noticias\/wp-json\/wp\/v2\/categories?post=78323"},{"taxonomy":"post_tag","embeddable":true,"href":"https:\/\/vinasfm.com\/noticias\/wp-json\/wp\/v2\/tags?post=78323"}],"curies":[{"name":"wp","href":"https:\/\/api.w.org\/{rel}","templated":true}]}}