{"id":78295,"date":"2020-10-07T20:25:45","date_gmt":"2020-10-07T23:25:45","guid":{"rendered":"http:\/\/vinasfm.com\/noticias\/?p=78295"},"modified":"2020-10-08T22:40:36","modified_gmt":"2020-10-09T01:40:36","slug":"vuelven-a-autorizar-las-reuniones-familiares-en-mendoza","status":"publish","type":"post","link":"https:\/\/vinasfm.com\/noticias\/vuelven-a-autorizar-las-reuniones-familiares-en-mendoza\/","title":{"rendered":"VUELVEN A AUTORIZAR LAS REUNIONES FAMILIARES EN MENDOZA"},"content":{"rendered":"<h4><span style=\"color: #000000;\"><strong>El gobernador Rodolfo Suarez anunci\u00f3 que desde esta semana autorizar\u00e1n las reuniones familiares en Mendoza los d\u00edas s\u00e1bados, domingos y feriados aunque se mantiene la alerta sanitaria en la provincia, por lo que la circulaci\u00f3n ser\u00e1 hasta las 23:30h.<\/strong><\/span><\/h4>\n<p><span style=\"color: #000000;\">El anuncio se da a pocos d\u00edas de un feriado y sobre todo del\u00a0<strong>D\u00eda de la Madre<\/strong>, que se celebra el 18 de octubre. <strong>Ser\u00e1 en los horarios que habitualmente se hab\u00edan permitido anteriormente de 11 a 23h<\/strong>.\u00a0<\/span><\/p>\n<p><span style=\"color: #000000;\">En este sentido, el mandatario aclar\u00f3 que las\u00a0<strong>reuniones familiares tendr\u00e1n un m\u00e1ximo de 10 personas<\/strong>. Por otro lado, argument\u00f3 que esta decisi\u00f3n \u00ab<strong><em>es posible gracias a que la curva de contagios se encuentra en una meseta gracias a la actitud responsable de los mendocinos\u00bb<\/em><\/strong>.<\/span><\/p>\n<p><span style=\"color: #000000;\">Adem\u00e1s, manifest\u00f3 que se eliminar\u00e1 el control del \u00faltimo\u00a0<strong>n\u00famero del DNI<\/strong>\u00a0esos d\u00edas. Es decir que <strong>solo se controlar\u00e1n las salidas por n\u00famero del DNI de lunes a jueves<\/strong>. El resto de los d\u00edas, continuar\u00e1n las salidas seg\u00fan lo establecido:<\/span><\/p>\n<ul>\n<li><span style=\"color: #000000;\"><strong>Lunes y mi\u00e9rcoles los documentos finalizados en\u00a01, 2, 3, 4 y 5<\/strong><\/span><\/li>\n<li><span style=\"color: #000000;\"><strong>Martes y jueves los documentos terminados en 6, 7, 8, 9 y 0<\/strong><\/span><\/li>\n<\/ul>\n<p><span style=\"color: #000000;\">Las declaraciones de Suarez tuvieron lugar en Ugarteche, donde encabez\u00f3 un acto de gesti\u00f3n junto a la ministra de Salud Ana Mar\u00eda Nadal y el intendente de Luj\u00e1n de Cuyo, Sebasti\u00e1n Bragagnolo. All\u00ed, recorrieron los m\u00f3dulos de aislamientoextra hospitalarios para pacientes con COVID-19 donados por el Consejo Empresario Mendocino (CEM).<\/span><\/p>\n<p><span style=\"color: #000000;\">Las reuniones familiares se vuelven a permitir despu\u00e9s de casi de\u00a0<strong>70 d\u00edas<\/strong>\u00a0en las que estuvieron prohibidas cuando empez\u00f3 a recrudecer el n\u00famero de contagios.<\/span><\/p>\n<h5>\u2022F.B.<\/h5>\n","protected":false},"excerpt":{"rendered":"<p>El gobernador Rodolfo Suarez anunci\u00f3 que desde esta semana autorizar\u00e1n las reuniones familiares en Mendoza los d\u00edas s\u00e1bados, domingos y feriados &#8230;<\/p>\n","protected":false},"author":8,"featured_media":70221,"comment_status":"open","ping_status":"open","sticky":false,"template":"","format":"standard","meta":{"footnotes":""},"categories":[5,10],"tags":[],"class_list":["post-78295","post","type-post","status-publish","format-standard","has-post-thumbnail","hentry","category-actualidad","category-destacadas"],"_links":{"self":[{"href":"https:\/\/vinasfm.com\/noticias\/wp-json\/wp\/v2\/posts\/78295","targetHints":{"allow":["GET"]}}],"collection":[{"href":"https:\/\/vinasfm.com\/noticias\/wp-json\/wp\/v2\/posts"}],"about":[{"href":"https:\/\/vinasfm.com\/noticias\/wp-json\/wp\/v2\/types\/post"}],"author":[{"embeddable":true,"href":"https:\/\/vinasfm.com\/noticias\/wp-json\/wp\/v2\/users\/8"}],"replies":[{"embeddable":true,"href":"https:\/\/vinasfm.com\/noticias\/wp-json\/wp\/v2\/comments?post=78295"}],"version-history":[{"count":2,"href":"https:\/\/vinasfm.com\/noticias\/wp-json\/wp\/v2\/posts\/78295\/revisions"}],"predecessor-version":[{"id":78297,"href":"https:\/\/vinasfm.com\/noticias\/wp-json\/wp\/v2\/posts\/78295\/revisions\/78297"}],"wp:featuredmedia":[{"embeddable":true,"href":"https:\/\/vinasfm.com\/noticias\/wp-json\/wp\/v2\/media\/70221"}],"wp:attachment":[{"href":"https:\/\/vinasfm.com\/noticias\/wp-json\/wp\/v2\/media?parent=78295"}],"wp:term":[{"taxonomy":"category","embeddable":true,"href":"https:\/\/vinasfm.com\/noticias\/wp-json\/wp\/v2\/categories?post=78295"},{"taxonomy":"post_tag","embeddable":true,"href":"https:\/\/vinasfm.com\/noticias\/wp-json\/wp\/v2\/tags?post=78295"}],"curies":[{"name":"wp","href":"https:\/\/api.w.org\/{rel}","templated":true}]}}