{"id":78220,"date":"2020-10-07T07:50:26","date_gmt":"2020-10-07T10:50:26","guid":{"rendered":"http:\/\/vinasfm.com\/noticias\/?p=78220"},"modified":"2020-10-08T12:44:23","modified_gmt":"2020-10-08T15:44:23","slug":"alvear-confirmaron-10-nuevos-casos-positivos-y-10-pacientes-recuperados","status":"publish","type":"post","link":"https:\/\/vinasfm.com\/noticias\/alvear-confirmaron-10-nuevos-casos-positivos-y-10-pacientes-recuperados\/","title":{"rendered":"ALVEAR: CONFIRMARON 10 NUEVOS CASOS POSITIVOS Y 10 PACIENTES RECUPERADOS"},"content":{"rendered":"<h4><span style=\"color: #000000;\"><strong>De acuerdo al informe suministrado por el Laboratorio Covid Regi\u00f3n Sur, Alvear registr\u00f3 10 nuevos casos positivos de Coronavirus en las \u00faltimas 24 horas, lapso en el que se confirm\u00f3 la recuperaci\u00f3n de 10 pacientes.<\/strong><\/span><\/h4>\n<p><span style=\"color: #000000;\">Al momento, el total de casos acumulados en el\u00a0<i>nosocomio local\u00a0<\/i>es de\u00a0<strong>239 <\/strong><strong>(102 <\/strong><strong>casos\u00a0<\/strong><strong>activos, 133 <\/strong><strong>casos recuperados, 4<\/strong><strong> fallecimientos).<\/strong><\/span><\/p>\n<p><a href=\"http:\/\/vinasfm.com\/noticias\/wp-content\/uploads\/2020\/10\/IMG-20201006-WA0040.jpg\"><img loading=\"lazy\" decoding=\"async\" class=\"alignnone size-full wp-image-78237\" src=\"http:\/\/vinasfm.com\/noticias\/wp-content\/uploads\/2020\/10\/IMG-20201006-WA0040.jpg\" alt=\"\" width=\"1080\" height=\"1080\" srcset=\"https:\/\/vinasfm.com\/noticias\/wp-content\/uploads\/2020\/10\/IMG-20201006-WA0040.jpg 1080w, https:\/\/vinasfm.com\/noticias\/wp-content\/uploads\/2020\/10\/IMG-20201006-WA0040-300x300.jpg 300w, https:\/\/vinasfm.com\/noticias\/wp-content\/uploads\/2020\/10\/IMG-20201006-WA0040-1024x1024.jpg 1024w, https:\/\/vinasfm.com\/noticias\/wp-content\/uploads\/2020\/10\/IMG-20201006-WA0040-150x150.jpg 150w, https:\/\/vinasfm.com\/noticias\/wp-content\/uploads\/2020\/10\/IMG-20201006-WA0040-768x768.jpg 768w, https:\/\/vinasfm.com\/noticias\/wp-content\/uploads\/2020\/10\/IMG-20201006-WA0040-360x360.jpg 360w, https:\/\/vinasfm.com\/noticias\/wp-content\/uploads\/2020\/10\/IMG-20201006-WA0040-750x750.jpg 750w\" sizes=\"auto, (max-width: 1080px) 100vw, 1080px\" \/><\/a><\/p>\n<p>&nbsp;<\/p>\n<h4 style=\"text-align: center;\"><span style=\"color: #000000;\"><strong>INFORME REGI\u00d3N SUR<\/strong><\/span><\/h4>\n<p><span style=\"color: #000000;\">Este\u00a0<strong>martes<\/strong>, de los tres departamentos del sur mendocino, se analizaron\u00a0<strong>145<\/strong>\u00a0<strong>muestras<\/strong>\u00a0de\u00a0<strong>PCR<\/strong> de las cuales <strong>8\u00a0<\/strong><strong>arrojaron resultado positivo<\/strong>, <strong>128<\/strong> <strong>negativas y 9 qued\u00f3 en proceso de investigaci\u00f3n.<\/strong><\/span><\/p>\n<ul>\n<li><span style=\"color: #000000;\"><strong>GENERAL ALVEAR: 6 (4 con nexo por contacto estrecho, 2 <\/strong><strong>con nexo en investigaci\u00f3n epidemiol\u00f3gica y 4 por serolog\u00eda\/seguimiento cl\u00ednico).<\/strong><\/span><\/li>\n<\/ul>\n<ul>\n<li><span style=\"color: #000000;\"><strong>SAN RAFAEL: 2, <\/strong><strong>con nexo por contacto estrecho.<\/strong><\/span><\/li>\n<li><span style=\"color: #000000;\"><strong>MALARG\u00dcE: 0.<\/strong><\/span><\/li>\n<\/ul>\n<p><span style=\"color: #000000;\"><strong>Con estas cifras, San Rafael, Malarg\u00fce y General Alvear cuentan con 1267 casos positivos confirmados de los cuales 752 se han recuperado y 28 han perdido la vida por Covid-19.<\/strong><\/span><\/p>\n<p><span style=\"color: #000000;\">De los\u00a0<strong>752 <\/strong>pacientes<strong>\u00a0recuperados desde el comienzo de la pandemia<\/strong>\u00a0en el Sur de Mendoza son:<\/span><\/p>\n<ul>\n<li><span style=\"color: #000000;\"><strong>De<\/strong>\u00a0<strong>San Rafael: 594\u00a0<\/strong><strong>pacientes.<\/strong><\/span><\/li>\n<li><span style=\"color: #000000;\"><strong>D<\/strong><strong>e General Alvear: 133 pacientes.<\/strong><\/span><\/li>\n<li><span style=\"color: #000000;\"><strong>De Malarg\u00fce: 25 pacientes.<\/strong><\/span><\/li>\n<\/ul>\n<h5><span style=\"color: #000000;\">\u2022F.B. (F.M. Vi\u00f1as).<\/span><\/h5>\n","protected":false},"excerpt":{"rendered":"<p>De acuerdo al informe suministrado por el Laboratorio Covid Regi\u00f3n Sur, Alvear registr\u00f3 10 nuevos casos positivos de Coronavirus en las &#8230;<\/p>\n","protected":false},"author":8,"featured_media":70682,"comment_status":"open","ping_status":"open","sticky":false,"template":"","format":"standard","meta":{"footnotes":""},"categories":[1],"tags":[],"class_list":["post-78220","post","type-post","status-publish","format-standard","has-post-thumbnail","hentry","category-fmvinas"],"_links":{"self":[{"href":"https:\/\/vinasfm.com\/noticias\/wp-json\/wp\/v2\/posts\/78220","targetHints":{"allow":["GET"]}}],"collection":[{"href":"https:\/\/vinasfm.com\/noticias\/wp-json\/wp\/v2\/posts"}],"about":[{"href":"https:\/\/vinasfm.com\/noticias\/wp-json\/wp\/v2\/types\/post"}],"author":[{"embeddable":true,"href":"https:\/\/vinasfm.com\/noticias\/wp-json\/wp\/v2\/users\/8"}],"replies":[{"embeddable":true,"href":"https:\/\/vinasfm.com\/noticias\/wp-json\/wp\/v2\/comments?post=78220"}],"version-history":[{"count":2,"href":"https:\/\/vinasfm.com\/noticias\/wp-json\/wp\/v2\/posts\/78220\/revisions"}],"predecessor-version":[{"id":78238,"href":"https:\/\/vinasfm.com\/noticias\/wp-json\/wp\/v2\/posts\/78220\/revisions\/78238"}],"wp:featuredmedia":[{"embeddable":true,"href":"https:\/\/vinasfm.com\/noticias\/wp-json\/wp\/v2\/media\/70682"}],"wp:attachment":[{"href":"https:\/\/vinasfm.com\/noticias\/wp-json\/wp\/v2\/media?parent=78220"}],"wp:term":[{"taxonomy":"category","embeddable":true,"href":"https:\/\/vinasfm.com\/noticias\/wp-json\/wp\/v2\/categories?post=78220"},{"taxonomy":"post_tag","embeddable":true,"href":"https:\/\/vinasfm.com\/noticias\/wp-json\/wp\/v2\/tags?post=78220"}],"curies":[{"name":"wp","href":"https:\/\/api.w.org\/{rel}","templated":true}]}}