{"id":78184,"date":"2020-10-06T09:01:12","date_gmt":"2020-10-06T12:01:12","guid":{"rendered":"http:\/\/vinasfm.com\/noticias\/?p=78184"},"modified":"2020-10-07T11:55:09","modified_gmt":"2020-10-07T14:55:09","slug":"roxana-molero-la-mayoria-ha-coincidido-en-que-necesitamos-una-nueva-ley-de-educacion","status":"publish","type":"post","link":"https:\/\/vinasfm.com\/noticias\/roxana-molero-la-mayoria-ha-coincidido-en-que-necesitamos-una-nueva-ley-de-educacion\/","title":{"rendered":"ROXANA MOLERO: &#8216;LA MAYOR\u00cdA HA COINCIDIDO EN QUE NECESITAMOS UNA NUEVA LEY DE EDUCACI\u00d3N&#8217;"},"content":{"rendered":"<h4><span style=\"color: #000000;\"><strong>En dialogo con F.M. Vi\u00f1as, la Directora de Educaci\u00f3n Roxana Molero dio su opini\u00f3n respecto al proyecto de Ley, y el estudio que se ha hecho para introducir los cambios que consideren necesarios.<\/strong><\/span><\/h4>\n<p><span style=\"color: #000000;\">Desde un primer momento y por pedido de la Intendencia <strong>se conform\u00f3 una mesa de estudio departamental,<\/strong> que sigue funcionando pese a las declaraciones del Gobernador de que este a\u00f1o no se tratar\u00e1 el Proyecto de una nueva Ley de Educaci\u00f3n.<\/span><\/p>\n<p><span style=\"color: #000000;\">La misma est\u00e1 conformada por la Diputada Maricel Arriaga (UCR), la Concejal Patricia Salice (UCR), la Directora de Desarrollo Social Norma Ruiz, el Secretario de Gobierno Jos\u00e9 Vilchez, la asesora en Educaci\u00f3n Silvana Trejo y la Directora de Educaci\u00f3n Roxana Molero.<\/span><\/p>\n<p><span style=\"color: #000000;\"><strong><em>\u201cEstamos estudiando y llevando a cabo los cambios que nosotros creemos convenientes que deber\u00edan estar\u201d,<\/em><\/strong> se\u00f1al\u00f3 Molero. La funcionaria explic\u00f3 que <strong>lo que se debate actualmente es un borrador para una futura Ley de Educaci\u00f3n<\/strong>.<\/span><\/p>\n<p><span style=\"color: #000000;\"><em>\u201cSi bien ha habido mucha negativa de los docentes y otros sectores, l<strong>a mayor\u00eda de las personas han coincidido en que necesitamos una nueva Ley de Educaci\u00f3n\u201d<\/strong><\/em>, expresando que, en lo que no se lograr\u00eda un consenso es en el tiempo y contexto actual.<\/span><\/p>\n<p><span style=\"color: #000000;\"><em>\u201cHay algunos peque\u00f1os errores que hay que organizar nuevamente, pero no es un mal borrador y hay mucho para hacer\u201d,<\/em> consider\u00f3. <em><strong>\u201cHay que leerlo en profundidad, falta un poco de lectura y estudio\u201d<\/strong><\/em>.<\/span><\/p>\n<p><span style=\"color: #000000;\"><em>\u201cCreo que en Educaci\u00f3n los cambios son buenos siempre que sean constructivos\u201d,<\/em> complet\u00f3.<\/span><\/p>\n<h5><span style=\"color: #000000;\"><strong><em>A.C.<\/em><\/strong><\/span><\/h5>\n","protected":false},"excerpt":{"rendered":"<p>En dialogo con F.M. Vi\u00f1as, la Directora de Educaci\u00f3n Roxana Molero dio su opini\u00f3n respecto al proyecto de Ley, y el &#8230;<\/p>\n","protected":false},"author":7,"featured_media":78185,"comment_status":"open","ping_status":"open","sticky":false,"template":"","format":"standard","meta":{"footnotes":""},"categories":[5,42],"tags":[],"class_list":["post-78184","post","type-post","status-publish","format-standard","has-post-thumbnail","hentry","category-actualidad","category-opinion"],"_links":{"self":[{"href":"https:\/\/vinasfm.com\/noticias\/wp-json\/wp\/v2\/posts\/78184","targetHints":{"allow":["GET"]}}],"collection":[{"href":"https:\/\/vinasfm.com\/noticias\/wp-json\/wp\/v2\/posts"}],"about":[{"href":"https:\/\/vinasfm.com\/noticias\/wp-json\/wp\/v2\/types\/post"}],"author":[{"embeddable":true,"href":"https:\/\/vinasfm.com\/noticias\/wp-json\/wp\/v2\/users\/7"}],"replies":[{"embeddable":true,"href":"https:\/\/vinasfm.com\/noticias\/wp-json\/wp\/v2\/comments?post=78184"}],"version-history":[{"count":2,"href":"https:\/\/vinasfm.com\/noticias\/wp-json\/wp\/v2\/posts\/78184\/revisions"}],"predecessor-version":[{"id":78189,"href":"https:\/\/vinasfm.com\/noticias\/wp-json\/wp\/v2\/posts\/78184\/revisions\/78189"}],"wp:featuredmedia":[{"embeddable":true,"href":"https:\/\/vinasfm.com\/noticias\/wp-json\/wp\/v2\/media\/78185"}],"wp:attachment":[{"href":"https:\/\/vinasfm.com\/noticias\/wp-json\/wp\/v2\/media?parent=78184"}],"wp:term":[{"taxonomy":"category","embeddable":true,"href":"https:\/\/vinasfm.com\/noticias\/wp-json\/wp\/v2\/categories?post=78184"},{"taxonomy":"post_tag","embeddable":true,"href":"https:\/\/vinasfm.com\/noticias\/wp-json\/wp\/v2\/tags?post=78184"}],"curies":[{"name":"wp","href":"https:\/\/api.w.org\/{rel}","templated":true}]}}