{"id":78064,"date":"2020-10-07T08:00:40","date_gmt":"2020-10-07T11:00:40","guid":{"rendered":"http:\/\/vinasfm.com\/noticias\/?p=78064"},"modified":"2020-10-09T07:09:35","modified_gmt":"2020-10-09T10:09:35","slug":"por-un-caso-de-covid-19-anses-no-atendera-presencialmente-hasta-el-lunes","status":"publish","type":"post","link":"https:\/\/vinasfm.com\/noticias\/por-un-caso-de-covid-19-anses-no-atendera-presencialmente-hasta-el-lunes\/","title":{"rendered":"POR UN CASO DE COVID-19, ANSES NO ATENDER\u00c1 PRESENCIALMENTE HASTA EL LUNES"},"content":{"rendered":"<h4><span style=\"color: #000000;\"><strong>Lo confirm\u00f3 la Titular de la Oficina de ANSES en Alvear, Myrna Osorio, en el aire de F.M. Vi\u00f1as al ser consultada por un comunicado que cursaron desde el organismo que advert\u00eda que la atenci\u00f3n ser\u00e1 virtual hasta el pr\u00f3ximo lunes 12\/10 por reportarse un empleado con Coronavirus.<\/strong><\/span><\/h4>\n<p><span style=\"color: #000000;\">El cese de atenci\u00f3n presencial obedece a la aparici\u00f3n de un caso positivo con Covid-19 entre el personal de Anses: \u00ab<strong><em>Este domingo tomamos conocimientos que hay casos sospechosos entre los trabajadores de la oficina por lo que se les realizaron los hisopados correspondientes<\/em><\/strong>\u00ab, explic\u00f3 Osorio.<\/span><\/p>\n<p><span style=\"color: #000000;\">En las \u00faltimas horas el resultado de uno de los hisopados arroj\u00f3 positivo: \u00ab<strong><em>Contaremos con menos personal pero veremos de iniciar el pr\u00f3ximo lunes. La atenci\u00f3n ser\u00e1 remota a trav\u00e9s de nuestro medios de comunicaci\u00f3n. Les pido paciencia a quienes solicitaron los turnos que van a ser re programados<\/em><\/strong>\u00ab, puntualiz\u00f3 la funcionaria.<\/span><\/p>\n<p><span style=\"color: #000000;\">Explic\u00f3 que \u00ab<strong><em>s<\/em><em>e hisop\u00f3 a quienes solo han tenido s\u00edntomas. A medida que hemos tenido algunos s\u00edntomas hemos ido tomando las medidas correspondientes no estando en contacto con la gente. Con el paso de los d\u00edas sabremos la\u00a0situaci\u00f3n real y la comunicaremos<\/em><\/strong>\u00ab<\/span><\/p>\n<p><span style=\"color: #000000;\">Las l\u00edneas de contacto son<a style=\"color: #000000;\" href=\"http:\/\/www.anses.gob.ar\"> www.anses.gob.ar<\/a>, sitio donde pueden ingresar a &#8216;<strong>Mi Anses<\/strong>&#8216; o a trav\u00e9s de la secci\u00f3n &#8216;<strong>Atenci\u00f3n Virtual<\/strong>&#8216; en la que habr\u00e1 un operador comunic\u00e1ndose con el beneficiario que acceda a la plataforma: \u00ab<strong><em>Adem\u00e1s est\u00e1 disponible el correo <\/em><a style=\"color: #000000;\" href=\"mailto:oficinagralalvearcuyo@anses.gov.ar\">oficinagralalvearcuyo@anses.gov.ar<\/a><em> para que se comuniquen o en mi pagina personal de Facebook <a style=\"color: #000000;\" href=\"https:\/\/www.facebook.com\/myosoriop\/\">Myrna Osorio, Anses Alvear<\/a><\/em><\/strong>\u00ab, concluy\u00f3 Myrna.<\/span><\/p>\n<h5><span style=\"color: #000000;\">\u2022F.B. (F.M. Vi\u00f1as).<\/span><\/h5>\n","protected":false},"excerpt":{"rendered":"<p>Lo confirm\u00f3 la Titular de la Oficina de ANSES en Alvear, Myrna Osorio, en el aire de F.M. Vi\u00f1as al ser &#8230;<\/p>\n","protected":false},"author":8,"featured_media":71335,"comment_status":"open","ping_status":"open","sticky":false,"template":"","format":"standard","meta":{"footnotes":""},"categories":[5,50],"tags":[],"class_list":["post-78064","post","type-post","status-publish","format-standard","has-post-thumbnail","hentry","category-actualidad","category-anses"],"_links":{"self":[{"href":"https:\/\/vinasfm.com\/noticias\/wp-json\/wp\/v2\/posts\/78064","targetHints":{"allow":["GET"]}}],"collection":[{"href":"https:\/\/vinasfm.com\/noticias\/wp-json\/wp\/v2\/posts"}],"about":[{"href":"https:\/\/vinasfm.com\/noticias\/wp-json\/wp\/v2\/types\/post"}],"author":[{"embeddable":true,"href":"https:\/\/vinasfm.com\/noticias\/wp-json\/wp\/v2\/users\/8"}],"replies":[{"embeddable":true,"href":"https:\/\/vinasfm.com\/noticias\/wp-json\/wp\/v2\/comments?post=78064"}],"version-history":[{"count":2,"href":"https:\/\/vinasfm.com\/noticias\/wp-json\/wp\/v2\/posts\/78064\/revisions"}],"predecessor-version":[{"id":78262,"href":"https:\/\/vinasfm.com\/noticias\/wp-json\/wp\/v2\/posts\/78064\/revisions\/78262"}],"wp:featuredmedia":[{"embeddable":true,"href":"https:\/\/vinasfm.com\/noticias\/wp-json\/wp\/v2\/media\/71335"}],"wp:attachment":[{"href":"https:\/\/vinasfm.com\/noticias\/wp-json\/wp\/v2\/media?parent=78064"}],"wp:term":[{"taxonomy":"category","embeddable":true,"href":"https:\/\/vinasfm.com\/noticias\/wp-json\/wp\/v2\/categories?post=78064"},{"taxonomy":"post_tag","embeddable":true,"href":"https:\/\/vinasfm.com\/noticias\/wp-json\/wp\/v2\/tags?post=78064"}],"curies":[{"name":"wp","href":"https:\/\/api.w.org\/{rel}","templated":true}]}}