{"id":77950,"date":"2020-10-02T10:19:32","date_gmt":"2020-10-02T13:19:32","guid":{"rendered":"http:\/\/vinasfm.com\/noticias\/?p=77950"},"modified":"2020-10-04T21:53:33","modified_gmt":"2020-10-05T00:53:33","slug":"sintesis-policial-se-registraron-cuatro-hechos-delictivos-en-las-ultimas-horas","status":"publish","type":"post","link":"https:\/\/vinasfm.com\/noticias\/sintesis-policial-se-registraron-cuatro-hechos-delictivos-en-las-ultimas-horas\/","title":{"rendered":"S\u00cdNTESIS POLICIAL: SE REGISTRARON CUATRO HECHOS DELICTIVOS EN LAS \u00daLTIMAS HORAS"},"content":{"rendered":"<h4><span style=\"color: #000000;\"><strong>En las \u00faltimas horas se registraron cuatro hechos de inseguridad en distintos puntos de nuestro departamento que tras ser advertidos al 911, personal policial debi\u00f3 acudir a realizar las medidas correspondientes.<\/strong><\/span><\/h4>\n<ul>\n<li><span style=\"color: #000000;\"><strong>En el B\u00b0 Faustino Andr\u00e9s, personas desconocidas sustrajeron $200.000 del interior de un domicilio. El hecho ocurri\u00f3 durante la ma\u00f1ana de este jueves mientras el propietario se encontraba ausente.\u00a0<\/strong><\/span><\/li>\n<li><span style=\"color: #000000;\"><strong>Un cami\u00f3n atmosf\u00e9rico de la Municipalidad fue atacado por v\u00e1ndalos, menores de edad, en la intersecci\u00f3n de calles 7 y Q. Los desconocidos apedrearon la movilidad, impactos que da\u00f1aron el parabrisas.<\/strong><\/span><\/li>\n<li><span style=\"color: #000000;\"><strong>Otro il\u00edcito se perpetr\u00f3 en una finca de calle 7 y E, de la cual malvivientes se apoderaron de 10 cajones con ciruelas de 15kg cada uno.<\/strong><\/span><\/li>\n<li><span style=\"color: #000000;\"><b style=\"color: #000000;\">Finalmente, del interior de otra finca ubicada en calle 16 y M desconocidos <\/b><span style=\"color: #000000;\"><b>robaron<\/b><\/span><b style=\"color: #000000;\"> 150 aspersores de riego anti heladas.<\/b><\/span><\/li>\n<\/ul>\n<p><span style=\"color: #000000;\">Los cuatro il\u00edcitos fueron denunciados en <strong>Comisar\u00eda 14\u00b0<\/strong> por lo que la Unidad Fiscal de General Alvear instruye las causas en <em>averiguaci\u00f3n de los hechos<\/em>.<\/span><\/p>\n<h5><span style=\"color: #000000;\">\u2022F.B. (F.M. Vi\u00f1as).<\/span><\/h5>\n","protected":false},"excerpt":{"rendered":"<p>En las \u00faltimas horas se registraron cuatro hechos de inseguridad en distintos puntos de nuestro departamento que tras ser advertidos al &#8230;<\/p>\n","protected":false},"author":8,"featured_media":66502,"comment_status":"open","ping_status":"open","sticky":false,"template":"","format":"standard","meta":{"footnotes":""},"categories":[5,4],"tags":[],"class_list":["post-77950","post","type-post","status-publish","format-standard","has-post-thumbnail","hentry","category-actualidad","category-policiales"],"_links":{"self":[{"href":"https:\/\/vinasfm.com\/noticias\/wp-json\/wp\/v2\/posts\/77950","targetHints":{"allow":["GET"]}}],"collection":[{"href":"https:\/\/vinasfm.com\/noticias\/wp-json\/wp\/v2\/posts"}],"about":[{"href":"https:\/\/vinasfm.com\/noticias\/wp-json\/wp\/v2\/types\/post"}],"author":[{"embeddable":true,"href":"https:\/\/vinasfm.com\/noticias\/wp-json\/wp\/v2\/users\/8"}],"replies":[{"embeddable":true,"href":"https:\/\/vinasfm.com\/noticias\/wp-json\/wp\/v2\/comments?post=77950"}],"version-history":[{"count":2,"href":"https:\/\/vinasfm.com\/noticias\/wp-json\/wp\/v2\/posts\/77950\/revisions"}],"predecessor-version":[{"id":77956,"href":"https:\/\/vinasfm.com\/noticias\/wp-json\/wp\/v2\/posts\/77950\/revisions\/77956"}],"wp:featuredmedia":[{"embeddable":true,"href":"https:\/\/vinasfm.com\/noticias\/wp-json\/wp\/v2\/media\/66502"}],"wp:attachment":[{"href":"https:\/\/vinasfm.com\/noticias\/wp-json\/wp\/v2\/media?parent=77950"}],"wp:term":[{"taxonomy":"category","embeddable":true,"href":"https:\/\/vinasfm.com\/noticias\/wp-json\/wp\/v2\/categories?post=77950"},{"taxonomy":"post_tag","embeddable":true,"href":"https:\/\/vinasfm.com\/noticias\/wp-json\/wp\/v2\/tags?post=77950"}],"curies":[{"name":"wp","href":"https:\/\/api.w.org\/{rel}","templated":true}]}}