{"id":77909,"date":"2020-10-02T07:39:06","date_gmt":"2020-10-02T10:39:06","guid":{"rendered":"http:\/\/vinasfm.com\/noticias\/?p=77909"},"modified":"2020-10-03T11:32:18","modified_gmt":"2020-10-03T14:32:18","slug":"polemica-por-un-municipal-que-fue-a-prision-y-uso-certificados-medicos-para-seguir-cobrando","status":"publish","type":"post","link":"https:\/\/vinasfm.com\/noticias\/polemica-por-un-municipal-que-fue-a-prision-y-uso-certificados-medicos-para-seguir-cobrando\/","title":{"rendered":"POL\u00c9MICA POR UN MUNICIPAL QUE FUE A PRISI\u00d3N Y US\u00d3 CERTIFICADOS M\u00c9DICOS PARA SEGUIR COBRANDO"},"content":{"rendered":"<h4><span style=\"color: #000000;\"><strong>Un agente municipal qued\u00f3 en la cuerda floja y a un paso del despido en General Alvear. Descubrieron que el obrero fue detenido y sentenciado a seis meses de prisi\u00f3n efectiva por violar una inhabilitaci\u00f3n para conducir pero enga\u00f1\u00f3 a la municipalidad para continuar cobrando el sueldo como si nada hubiera pasado.\u00a0<\/strong><\/span><\/h4>\n<p><span style=\"color: #000000;\">El empleado estatal<strong> presentaba certificados m\u00e9dicos para obtener licencia por problemas psiqui\u00e1tricos.\u00a0<\/strong><\/span><strong style=\"color: #000000;\">El esc\u00e1ndalo<\/strong><span style=\"color: #000000;\"> que envuelve a la comuna <\/span><strong style=\"color: #000000;\">fue descubierto por el bloque de concejales opositores, <\/strong>seg\u00fan public\u00f3 el portal <strong style=\"color: #000000;\"><em>V\u00eda Pa\u00eds<\/em>.<\/strong><\/p>\n<p><span style=\"color: #000000;\">A fines del mes pasado\u00a0<strong>los ediles justicialistas iniciaron un expediente solicitando informaci\u00f3n sobre el agente Claudio Sergio Parra<\/strong>\u00a0(<strong>46<\/strong>) porque\u00a0<strong>aparentemente hab\u00eda estado preso pero sigui\u00f3 percibiendo el salario mensual con total normalidad.<\/strong><\/span><\/p>\n<p><span style=\"color: #000000;\">Ante el reclamo opositor,\u00a0<strong>desde la asesor\u00eda letrada del Municipio solicitaron informaci\u00f3n al tribunal en Alvear\u00a0<\/strong>y se llevaron la sorpresa,\u00a0<strong>les confirmaron que efectivamente Claudio Parra estuvo detenido desde el 7 de marzo de este a\u00f1o y lo condenaron a seis meses de prisi\u00f3n.\u00a0<\/strong>La sentencia se cumpli\u00f3 en el domicilio del imputado.<\/span><\/p>\n<p><span style=\"color: #000000;\">Con la notificaci\u00f3n en la mano,\u00a0<strong>iniciaron un sumario administrativo que puede desembocar en la exoneraci\u00f3n del agente. Tambi\u00e9n est\u00e1 la posibilidad de realizar una denuncia penal por fraude<\/strong>\u00a0<strong>al Estado<\/strong>.<\/span><\/p>\n<p><span style=\"color: #000000;\"><strong>\u201c<em>Nos enteramos de casualidad del tema y requerimos los informes correspondientes a la comuna para constatar cu\u00e1l era la situaci\u00f3n real de este empleado<\/em><em>\u00a0que mientras estuvo detenido cobr\u00f3 como si nada pasara<\/em><\/strong>\u201d, coment\u00f3 el <strong>concejal Javier Garc\u00eda<\/strong>.<\/span><\/p>\n<p><span style=\"color: #000000;\">\u201c<strong><em>Cuando vimos el expediente empezamos a averiguar y\u00a0desde la justicia nos confirmaron que el empleado estuvo detenido desde marzo y lo sentenciaron a prisi\u00f3n efectiva. El problema es que la Municipalidad, como empleador, nunca fue notificada\u00a0de esa sentencia<\/em><\/strong>\u201d, replic\u00f3 <strong>Sergio Alonso<\/strong>, abogado del municipio.<\/span><\/p>\n<p><span style=\"color: #000000;\"><strong>Claudio Parra,\u00a0<\/strong>que tiene rango de capataz,\u00a0<strong>arrastraba una condena por un accidente de tr\u00e1nsito en el que falleci\u00f3<\/strong> una persona alrededor de <strong>2011<\/strong>. En aquel entonces\u00a0<strong>lo sentenciaron a 3 a\u00f1os de prisi\u00f3n. Pero adem\u00e1s lo inhabilitaron para manejar, y esa pena a\u00fan segu\u00eda vigente.<\/strong><\/span><\/p>\n<p><span style=\"color: #000000;\"><strong>En marzo de este a\u00f1o la polic\u00eda de tr\u00e1nsito lo par\u00f3 en un control rutinario y salt\u00f3 la prohibici\u00f3n para conducir,<\/strong>\u00a0lo que deriv\u00f3 en su\u00a0<strong>inmediata detenci\u00f3n y la posterior condena a 6 meses por quebrantar una pena\u00a0<\/strong>impuesta por la justicia.<\/span><\/p>\n<p><span style=\"color: #000000;\"><strong>Para burlar al Estado y cobrar el sueldo<\/strong>, Parra\u00a0<strong>primero se pidi\u00f3 vacaciones y<\/strong>\u00a0cuando se cumpli\u00f3 el tiempo,\u00a0<strong>estir\u00f3 la licencia presentando certificados m\u00e9dicos por supuestos problemas psiqui\u00e1tricos.<\/strong><\/span><\/p>\n<p><span style=\"color: #000000;\">Parra<strong>\u00a0se reincorpor\u00f3 al trabajo en agosto, porque ingres\u00f3 en el beneficio de la libertad asistida,\u00a0<\/strong>y prosigui\u00f3 con su vida laboral normal. Sin embargo\u00a0<strong>ahora que descubrieron el ardid, le iniciaron el sumario y los suspendieron preventivamente por 90 d\u00edas.<\/strong><\/span><\/p>\n<p><span style=\"color: #000000;\">\u201c<strong><em>Ac\u00e1 hubo\u00a0una especie de fraude al Estado\u00a0porque\u00a0el juzgado confirm\u00f3 que estuvo detenido, no hay dudas de eso<\/em><\/strong>\u201d, afirm\u00f3 el abogado Alonso.<\/span><\/p>\n<p><span style=\"color: #000000;\"><strong>\u201c<em>Administrativamente corresponde iniciar el sumario\u00a0que puede concluir con una sanci\u00f3n, la cesant\u00eda o directamente la exoneraci\u00f3n.\u00a0El tr\u00e1mite puede demandar unos 30 d\u00edas porque ya fue notificado y ahora \u00e9l tiene 10 d\u00edas h\u00e1biles para contestar. De entrada\u00a0pretendemos que devuelva el dinero que se llev\u00f3 indebidamente<\/em>\u201d,\u00a0<\/strong>agreg\u00f3 el letrado.<\/span><\/p>\n<h4><span style=\"color: #000000;\"><strong>Mejorar la comunicaci\u00f3n<\/strong><\/span><\/h4>\n<p><span style=\"color: #000000;\"><strong>El abogado Sergio Alonso se refiri\u00f3 a la falta de comunicaciones desde la Justicia\u00a0<\/strong>hacia el Estado municipal, aunque lo llev\u00f3 a todos los estamentos y tambi\u00e9n al sector privado.<\/span><\/p>\n<p><span style=\"color: #000000;\"><strong>\u201c<em>Ac\u00e1 el problema es que nunca nos enteramos de la sentencia porque nunca se nos notific\u00f3. Ahora le pas\u00f3 a la Municipalidad pero le puede pasar a cualquiera, tambi\u00e9n los privados<\/em><\/strong>\u201d, sostuvo el asesor legal de la comuna.<\/span><\/p>\n<p><span style=\"color: #000000;\"><strong>\u201c<em>No podemos andar viendo todos los d\u00edas quien tiene problemas con la justicia. Es preciso que haya un aviso,<\/em><em>\u00a0una notificaci\u00f3n de algo as\u00ed hacia el empleador<\/em><\/strong>\u201d, insisti\u00f3 Alonso.<\/span><\/p>\n<h5>\u2022F.B.<\/h5>\n","protected":false},"excerpt":{"rendered":"<p>Un agente municipal qued\u00f3 en la cuerda floja y a un paso del despido en General Alvear. Descubrieron que el obrero &#8230;<\/p>\n","protected":false},"author":8,"featured_media":45438,"comment_status":"open","ping_status":"open","sticky":false,"template":"","format":"standard","meta":{"footnotes":""},"categories":[1],"tags":[],"class_list":["post-77909","post","type-post","status-publish","format-standard","has-post-thumbnail","hentry","category-fmvinas"],"_links":{"self":[{"href":"https:\/\/vinasfm.com\/noticias\/wp-json\/wp\/v2\/posts\/77909","targetHints":{"allow":["GET"]}}],"collection":[{"href":"https:\/\/vinasfm.com\/noticias\/wp-json\/wp\/v2\/posts"}],"about":[{"href":"https:\/\/vinasfm.com\/noticias\/wp-json\/wp\/v2\/types\/post"}],"author":[{"embeddable":true,"href":"https:\/\/vinasfm.com\/noticias\/wp-json\/wp\/v2\/users\/8"}],"replies":[{"embeddable":true,"href":"https:\/\/vinasfm.com\/noticias\/wp-json\/wp\/v2\/comments?post=77909"}],"version-history":[{"count":2,"href":"https:\/\/vinasfm.com\/noticias\/wp-json\/wp\/v2\/posts\/77909\/revisions"}],"predecessor-version":[{"id":77965,"href":"https:\/\/vinasfm.com\/noticias\/wp-json\/wp\/v2\/posts\/77909\/revisions\/77965"}],"wp:featuredmedia":[{"embeddable":true,"href":"https:\/\/vinasfm.com\/noticias\/wp-json\/wp\/v2\/media\/45438"}],"wp:attachment":[{"href":"https:\/\/vinasfm.com\/noticias\/wp-json\/wp\/v2\/media?parent=77909"}],"wp:term":[{"taxonomy":"category","embeddable":true,"href":"https:\/\/vinasfm.com\/noticias\/wp-json\/wp\/v2\/categories?post=77909"},{"taxonomy":"post_tag","embeddable":true,"href":"https:\/\/vinasfm.com\/noticias\/wp-json\/wp\/v2\/tags?post=77909"}],"curies":[{"name":"wp","href":"https:\/\/api.w.org\/{rel}","templated":true}]}}