{"id":77828,"date":"2020-10-01T09:42:37","date_gmt":"2020-10-01T12:42:37","guid":{"rendered":"http:\/\/vinasfm.com\/noticias\/?p=77828"},"modified":"2020-10-02T20:37:03","modified_gmt":"2020-10-02T23:37:03","slug":"el-dramatico-testimonio-de-una-familia-que-ha-sido-victima-de-inseguridad-y-amenazas-en-b-inmigrantes-ii","status":"publish","type":"post","link":"https:\/\/vinasfm.com\/noticias\/el-dramatico-testimonio-de-una-familia-que-ha-sido-victima-de-inseguridad-y-amenazas-en-b-inmigrantes-ii\/","title":{"rendered":"EL DRAM\u00c1TICO TESTIMONIO DE UNA FAMILIA QUE HA SIDO V\u00cdCTIMA DE INSEGURIDAD Y AMENAZAS EN B\u00b0 EL INMIGRANTE II"},"content":{"rendered":"<h4><span style=\"color: #000000;\"><strong>Una familia alvearense ha sido v\u00edctima de constantes delitos contra su propiedad ubicada en calle Cacique Goico, B\u00b0 Inmigrante II, en los \u00faltimos a\u00f1os. Un grupo de malvivientes ha arremetido contra su bienestar oblig\u00e1ndolos a dejar la vivienda y alquilar un inmueble lejos de una situaci\u00f3n que ha alertado por la secuencia y modus operandi de los constantes il\u00edcitos.<\/strong><\/span><\/h4>\n<div id=\"attachment_77833\" style=\"width: 313px\" class=\"wp-caption alignleft\"><a href=\"http:\/\/vinasfm.com\/noticias\/wp-content\/uploads\/2020\/09\/FB_IMG_1601517168421-e1601559913132.jpg\"><img loading=\"lazy\" decoding=\"async\" aria-describedby=\"caption-attachment-77833\" class=\"wp-image-77833 \" src=\"http:\/\/vinasfm.com\/noticias\/wp-content\/uploads\/2020\/09\/FB_IMG_1601517168421-e1601559913132-150x150.jpg\" alt=\"\" width=\"313\" height=\"313\" srcset=\"https:\/\/vinasfm.com\/noticias\/wp-content\/uploads\/2020\/09\/FB_IMG_1601517168421-e1601559913132-150x150.jpg 150w, https:\/\/vinasfm.com\/noticias\/wp-content\/uploads\/2020\/09\/FB_IMG_1601517168421-e1601559913132-360x360.jpg 360w\" sizes=\"auto, (max-width: 313px) 100vw, 313px\" \/><\/a><p id=\"caption-attachment-77833\" class=\"wp-caption-text\">Da\u00f1an ventanas y\/o puertas para ingresar.<\/p><\/div>\n<p><span style=\"color: #000000;\">A trav\u00e9s de las redes sociales, <strong>Melanie Driuzzi<\/strong> hizo publica la abrumadora carga que le ha impuesto a su familia la inseguridad y hasta amenazas de delincuentes de la zona. <strong>F.M. Vi\u00f1as<\/strong> dialog\u00f3 con la joven docente, quien dio testimonio de los acontecimientos y <strong>reflej\u00f3 la falta de respuestas por parte de la Oficina Fiscal<\/strong>, lugar donde han acudido pidiendo una soluci\u00f3n y la respuesta ha ca\u00eddo en la bajeza de \u00ab<strong><em>no se puede hacer nada. El Ayudante Fiscal Martinelli hace o\u00eddo sordo porque jamas ha tomado cartas en el asunto<\/em><\/strong>\u00ab, confes\u00f3.<\/span><\/p>\n<p><span style=\"color: #000000;\">\u00ab<strong><em>A lo largo de 15 a\u00f1os hemos sufrido varios robos, muchos denunciados y otros no<\/em><\/strong>\u00ab, expreso Melanie quien despu\u00e9s de sufrir los \u00faltimos\u00a0<strong>dos robos en menos de una semana<\/strong> decidi\u00f3 visibilizarlo.<\/span><\/p>\n<p><span style=\"color: #000000;\">\u00ab<strong><em>El jueves nos robaron las rejas y el port\u00f3n entero y despu\u00e9s vimos que los delincuentes ofrec\u00edan en venta lo sustra\u00eddo. \u00daltimamente se han llevado todo lo que han podido, tv, pc y hasta los cubiertos<\/em><\/strong>\u00ab, agreg\u00f3 y en la misma subray\u00f3 que esa vivienda fue entregada por el IPV pero por los constantes hechos han tenido que mudarse a otro inmueble \u00ab<strong><em>porque no se puede vivir as\u00ed en un estado de constante inseguridad<\/em><\/strong>\u00ab.<\/span><\/p>\n<p><span style=\"color: #000000;\">Al ser consultada si conoce a los autores de los il\u00edcitos, Melanie sostuvo que \u00ab<strong><em>es un grupo de personas mayores y menores de edad que siempre han estado contra nosotros y creemos que lo hacen porque uno de mis hermanos es polic\u00eda y el otro es militar. De hecho nos han amenazado que van a incendiarnos la casa<\/em><\/strong>\u00ab.<\/span><\/p>\n<div id=\"attachment_77834\" style=\"width: 262px\" class=\"wp-caption alignright\"><a href=\"http:\/\/vinasfm.com\/noticias\/wp-content\/uploads\/2020\/09\/Screenshot_20200930-225341.png\"><img loading=\"lazy\" decoding=\"async\" aria-describedby=\"caption-attachment-77834\" class=\"wp-image-77834 size-medium\" src=\"http:\/\/vinasfm.com\/noticias\/wp-content\/uploads\/2020\/09\/Screenshot_20200930-225341-262x300.png\" alt=\"\" width=\"262\" height=\"300\" srcset=\"https:\/\/vinasfm.com\/noticias\/wp-content\/uploads\/2020\/09\/Screenshot_20200930-225341-262x300.png 262w, https:\/\/vinasfm.com\/noticias\/wp-content\/uploads\/2020\/09\/Screenshot_20200930-225341.png 680w\" sizes=\"auto, (max-width: 262px) 100vw, 262px\" \/><\/a><p id=\"caption-attachment-77834\" class=\"wp-caption-text\">Impunemente, la publicaci\u00f3n de venta del port\u00f3n sustra\u00eddo.<\/p><\/div>\n<p><span style=\"color: #000000;\">\u00ab<strong><em>Desde hace 15 a\u00f1os vivimos esa situaci\u00f3n pendientes de que no nos pase nada. Es un ensa\u00f1amiento y nadie quiere la casa ni prestada por eso hemos tenido que irnos a alquilar mas all\u00e1 que muchos nos dec\u00edan que aguantemos pero no se puede<\/em><\/strong>\u00ab, puntualiz\u00f3.<\/span><\/p>\n<p><span style=\"color: #000000;\">Respecto a los pasos que han dado para dar a conocer esta dram\u00e1tica situaci\u00f3n, asegur\u00f3: \u00ab<strong><em>Hemos ido a Fiscal\u00eda y no hay respuestas, hemos cursado una carta al Intendente pidiendo audiencia, la polic\u00eda no puede hacer nada y hasta con el Consejo de Seguridad pero hasta ahora no ha habido respuestas<\/em><\/strong>\u00ab.<\/span><\/p>\n<p><span style=\"color: #000000;\">Sobre la reconstrucci\u00f3n de los hechos, testimoni\u00f3 que luego de perpetrar los robos, \u00ab<strong><em>los delincuentes hasta defecan en la casa e incluso en uno de los tantos robos rompieron la ventana y se cortaron. Fueron manchando las paredes con la misma sangre<\/em><\/strong>\u00ab.<\/span><\/p>\n<p><span style=\"color: #000000;\">Asegur\u00f3 que como pronta medida convocar\u00e1 a los vecinos alvearenses a una marcha pidiendo por medidas concretas: \u00ab<strong><em>Pedimos que nos escuchen y accionen porque las instituciones deben garantizar seguridad y bienestar a todos los ciudadanos<\/em><\/strong>\u00ab, concluy\u00f3.<\/span><\/p>\n<h5><span style=\"color: #000000;\">\u2022F.B. (F.M. Vi\u00f1as).<\/span><\/h5>\n","protected":false},"excerpt":{"rendered":"<p>Una familia alvearense ha sido v\u00edctima de constantes delitos contra su propiedad ubicada en calle Cacique Goico, B\u00b0 Inmigrante II, en &#8230;<\/p>\n","protected":false},"author":8,"featured_media":77829,"comment_status":"open","ping_status":"open","sticky":false,"template":"","format":"standard","meta":{"footnotes":""},"categories":[5,4],"tags":[],"class_list":["post-77828","post","type-post","status-publish","format-standard","has-post-thumbnail","hentry","category-actualidad","category-policiales"],"_links":{"self":[{"href":"https:\/\/vinasfm.com\/noticias\/wp-json\/wp\/v2\/posts\/77828","targetHints":{"allow":["GET"]}}],"collection":[{"href":"https:\/\/vinasfm.com\/noticias\/wp-json\/wp\/v2\/posts"}],"about":[{"href":"https:\/\/vinasfm.com\/noticias\/wp-json\/wp\/v2\/types\/post"}],"author":[{"embeddable":true,"href":"https:\/\/vinasfm.com\/noticias\/wp-json\/wp\/v2\/users\/8"}],"replies":[{"embeddable":true,"href":"https:\/\/vinasfm.com\/noticias\/wp-json\/wp\/v2\/comments?post=77828"}],"version-history":[{"count":1,"href":"https:\/\/vinasfm.com\/noticias\/wp-json\/wp\/v2\/posts\/77828\/revisions"}],"predecessor-version":[{"id":77870,"href":"https:\/\/vinasfm.com\/noticias\/wp-json\/wp\/v2\/posts\/77828\/revisions\/77870"}],"wp:featuredmedia":[{"embeddable":true,"href":"https:\/\/vinasfm.com\/noticias\/wp-json\/wp\/v2\/media\/77829"}],"wp:attachment":[{"href":"https:\/\/vinasfm.com\/noticias\/wp-json\/wp\/v2\/media?parent=77828"}],"wp:term":[{"taxonomy":"category","embeddable":true,"href":"https:\/\/vinasfm.com\/noticias\/wp-json\/wp\/v2\/categories?post=77828"},{"taxonomy":"post_tag","embeddable":true,"href":"https:\/\/vinasfm.com\/noticias\/wp-json\/wp\/v2\/tags?post=77828"}],"curies":[{"name":"wp","href":"https:\/\/api.w.org\/{rel}","templated":true}]}}