{"id":77577,"date":"2020-09-27T05:48:13","date_gmt":"2020-09-27T08:48:13","guid":{"rendered":"http:\/\/vinasfm.com\/noticias\/?p=77577"},"modified":"2020-09-28T17:30:29","modified_gmt":"2020-09-28T20:30:29","slug":"se-incendio-parte-de-una-vivienda-en-calle-ll-como-consecuencia-de-un-desperfecto-electrico","status":"publish","type":"post","link":"https:\/\/vinasfm.com\/noticias\/se-incendio-parte-de-una-vivienda-en-calle-ll-como-consecuencia-de-un-desperfecto-electrico\/","title":{"rendered":"SE INCENDI\u00d3 PARTE DE UNA VIVIENDA EN CALLE LL COMO CONSECUENCIA DE UN DESPERFECTO EL\u00c9CTRICO"},"content":{"rendered":"<h4><strong><span style=\"color: #000000;\">Una vivienda de calle LL fue afectada por un voraz incendio que se desat\u00f3 en el interior del garaje alrededor de las 04:30h de este s\u00e1bado. Provoc\u00f3 importantes p\u00e9rdidas materiales para la familia damnificada.<\/span><\/strong><\/h4>\n<p><span style=\"color: #000000;\">Seg\u00fan confirmaron <strong>Bomberos de la Polic\u00eda<\/strong>, el siniestro se origin\u00f3 producto del <strong>exceso de calor<\/strong> o <strong>cortocircuito provocado por una luz artificial<\/strong>, que la propietaria hab\u00eda colocado a unos pollitos beb\u00e9.\u00a0<\/span><\/p>\n<p><span style=\"color: #000000;\">Las llamas se propagaron por el lugar afectando <strong><em>un equipo musical, un extractor, una reposera, un colch\u00f3n, un planchador, una aspiradora, una grasera, una bicicleta<\/em><\/strong>. Adem\u00e1s alcanzaron a quemar <strong>unos 12m2 de cielo raso<\/strong>.<\/span><\/p>\n<p><span style=\"color: #000000;\">Al ser advertidos al <strong>911<\/strong>, una dotaci\u00f3n de bomberos acudi\u00f3 al lugar y logr\u00f3 mitigar el control sobre el fuego, evitando que se extendiera a otros ambientes de la propiedad.<\/span><\/p>\n<h5><span style=\"color: #000000;\">\u2022F.B. (F.M. Vi\u00f1as).<\/span><\/h5>\n","protected":false},"excerpt":{"rendered":"<p>Una vivienda de calle LL fue afectada por un voraz incendio que se desat\u00f3 en el interior del garaje alrededor de &#8230;<\/p>\n","protected":false},"author":8,"featured_media":4393,"comment_status":"open","ping_status":"open","sticky":false,"template":"","format":"standard","meta":{"footnotes":""},"categories":[5,76],"tags":[],"class_list":["post-77577","post","type-post","status-publish","format-standard","has-post-thumbnail","hentry","category-actualidad","category-bomberos"],"_links":{"self":[{"href":"https:\/\/vinasfm.com\/noticias\/wp-json\/wp\/v2\/posts\/77577","targetHints":{"allow":["GET"]}}],"collection":[{"href":"https:\/\/vinasfm.com\/noticias\/wp-json\/wp\/v2\/posts"}],"about":[{"href":"https:\/\/vinasfm.com\/noticias\/wp-json\/wp\/v2\/types\/post"}],"author":[{"embeddable":true,"href":"https:\/\/vinasfm.com\/noticias\/wp-json\/wp\/v2\/users\/8"}],"replies":[{"embeddable":true,"href":"https:\/\/vinasfm.com\/noticias\/wp-json\/wp\/v2\/comments?post=77577"}],"version-history":[{"count":1,"href":"https:\/\/vinasfm.com\/noticias\/wp-json\/wp\/v2\/posts\/77577\/revisions"}],"predecessor-version":[{"id":77579,"href":"https:\/\/vinasfm.com\/noticias\/wp-json\/wp\/v2\/posts\/77577\/revisions\/77579"}],"wp:featuredmedia":[{"embeddable":true,"href":"https:\/\/vinasfm.com\/noticias\/wp-json\/wp\/v2\/media\/4393"}],"wp:attachment":[{"href":"https:\/\/vinasfm.com\/noticias\/wp-json\/wp\/v2\/media?parent=77577"}],"wp:term":[{"taxonomy":"category","embeddable":true,"href":"https:\/\/vinasfm.com\/noticias\/wp-json\/wp\/v2\/categories?post=77577"},{"taxonomy":"post_tag","embeddable":true,"href":"https:\/\/vinasfm.com\/noticias\/wp-json\/wp\/v2\/tags?post=77577"}],"curies":[{"name":"wp","href":"https:\/\/api.w.org\/{rel}","templated":true}]}}