{"id":77456,"date":"2020-09-25T07:21:22","date_gmt":"2020-09-25T10:21:22","guid":{"rendered":"http:\/\/vinasfm.com\/noticias\/?p=77456"},"modified":"2020-09-25T20:04:23","modified_gmt":"2020-09-25T23:04:23","slug":"preocupa-la-falta-de-insumos-en-el-sector-del-vino-para-poder-exportar","status":"publish","type":"post","link":"https:\/\/vinasfm.com\/noticias\/preocupa-la-falta-de-insumos-en-el-sector-del-vino-para-poder-exportar\/","title":{"rendered":"PREOCUPA LA FALTA DE INSUMOS EN EL SECTOR DEL VINO PARA PODER EXPORTAR"},"content":{"rendered":"<h4><strong>A la delicada situaci\u00f3n que atraviesa el sector desde hace varios a\u00f1os, ahora se le suma el faltante de insumos b\u00e1sicos de la cadena para poder exportar.<\/strong><\/h4>\n<p>En dialogo con F.M. Vi\u00f1as, Daniel \u201cChino\u201d Nosal manifest\u00f3, <em>\u201ces una situaci\u00f3n complicada y altamente preocupante\u201d.<\/em> A nivel local hay problemas en la venta de vino y ahora se suma el faltante de insumos para poder exportar.<\/p>\n<p><em>\u201cTenemos un atraso de cargas a Ecuador y <strong>no podemos cumplir en tiempo y forma, porque no se consiguen corchos\u201d<\/strong>,<\/em> relat\u00f3.<strong> Para las pr\u00f3ximas semanas, han recibido la alerta por posible faltante de botellas.<\/strong><\/p>\n<p>\u201c<em>El gobierno y el Banco Central se quejan de que hay fuga de d\u00f3lares, de que no hay reservas y la \u00fanica manera de que ingresen es a trav\u00e9s de las exportaciones. En este caso nos est\u00e1n impidiendo que se exporte\u201d<\/em>, sostuvo. Las exportaciones tambi\u00e9n p<strong>ermiten bajar los stocks v\u00ednicos<\/strong>, altos en estos tiempos, y por ende mejorar los precios que recibe el productor por sus uvas.<\/p>\n<p><strong><em>\u201cHay contratos firmados de por medio y el no cumplimiento trae un costo enorme\u201d<\/em><\/strong>, indic\u00f3. La alternativa que se maneja por estos d\u00edas es la de \u201cexportaci\u00f3n a granel\u201d, pero que no genera valor agregado.<\/p>\n<h5><strong><em>A.C.<\/em><\/strong><\/h5>\n","protected":false},"excerpt":{"rendered":"<p>A la delicada situaci\u00f3n que atraviesa el sector desde hace varios a\u00f1os, ahora se le suma el faltante de insumos b\u00e1sicos &#8230;<\/p>\n","protected":false},"author":7,"featured_media":77457,"comment_status":"open","ping_status":"open","sticky":false,"template":"","format":"standard","meta":{"footnotes":""},"categories":[5,10],"tags":[],"class_list":["post-77456","post","type-post","status-publish","format-standard","has-post-thumbnail","hentry","category-actualidad","category-destacadas"],"_links":{"self":[{"href":"https:\/\/vinasfm.com\/noticias\/wp-json\/wp\/v2\/posts\/77456","targetHints":{"allow":["GET"]}}],"collection":[{"href":"https:\/\/vinasfm.com\/noticias\/wp-json\/wp\/v2\/posts"}],"about":[{"href":"https:\/\/vinasfm.com\/noticias\/wp-json\/wp\/v2\/types\/post"}],"author":[{"embeddable":true,"href":"https:\/\/vinasfm.com\/noticias\/wp-json\/wp\/v2\/users\/7"}],"replies":[{"embeddable":true,"href":"https:\/\/vinasfm.com\/noticias\/wp-json\/wp\/v2\/comments?post=77456"}],"version-history":[{"count":1,"href":"https:\/\/vinasfm.com\/noticias\/wp-json\/wp\/v2\/posts\/77456\/revisions"}],"predecessor-version":[{"id":77458,"href":"https:\/\/vinasfm.com\/noticias\/wp-json\/wp\/v2\/posts\/77456\/revisions\/77458"}],"wp:featuredmedia":[{"embeddable":true,"href":"https:\/\/vinasfm.com\/noticias\/wp-json\/wp\/v2\/media\/77457"}],"wp:attachment":[{"href":"https:\/\/vinasfm.com\/noticias\/wp-json\/wp\/v2\/media?parent=77456"}],"wp:term":[{"taxonomy":"category","embeddable":true,"href":"https:\/\/vinasfm.com\/noticias\/wp-json\/wp\/v2\/categories?post=77456"},{"taxonomy":"post_tag","embeddable":true,"href":"https:\/\/vinasfm.com\/noticias\/wp-json\/wp\/v2\/tags?post=77456"}],"curies":[{"name":"wp","href":"https:\/\/api.w.org\/{rel}","templated":true}]}}