{"id":77358,"date":"2020-09-24T08:10:49","date_gmt":"2020-09-24T11:10:49","guid":{"rendered":"http:\/\/vinasfm.com\/noticias\/?p=77358"},"modified":"2020-09-25T11:55:06","modified_gmt":"2020-09-25T14:55:06","slug":"alvear-reporto-9-casos-positivos-y-confirmo-la-recuperacion-de-6-pacientes","status":"publish","type":"post","link":"https:\/\/vinasfm.com\/noticias\/alvear-reporto-9-casos-positivos-y-confirmo-la-recuperacion-de-6-pacientes\/","title":{"rendered":"ALVEAR REPORT\u00d3 9 CASOS POSITIVOS Y CONFIRM\u00d3 LA RECUPERACI\u00d3N DE 6 PACIENTES"},"content":{"rendered":"<h4><span style=\"color: #000000;\"><strong>De acuerdo al informe suministrado por el Laboratorio Covid Regi\u00f3n Sur, General Alvear registr\u00f3 9 nuevos casos positivos de Coronavirus en las \u00faltimas 24 horas y confirm\u00f3 la recuperaci\u00f3n de 6 pacientes.<\/strong><\/span><\/h4>\n<p style=\"text-align: left;\"><span style=\"color: #000000;\">Al momento, el total de casos acumulados en el\u00a0<i>nosocomio local\u00a0<\/i>es de\u00a0<strong>156 <\/strong><strong>(83 <\/strong><strong>casos\u00a0<\/strong><strong>activos, 70 <\/strong><strong>casos recuperados, 3<\/strong><strong>\u00a0fallecimientos).<\/strong><\/span><\/p>\n<p><a href=\"http:\/\/vinasfm.com\/noticias\/wp-content\/uploads\/2020\/09\/IMG_20200923_213740_450.jpg\"><img loading=\"lazy\" decoding=\"async\" class=\" wp-image-77377 aligncenter\" src=\"http:\/\/vinasfm.com\/noticias\/wp-content\/uploads\/2020\/09\/IMG_20200923_213740_450-300x300.jpg\" alt=\"\" width=\"566\" height=\"566\" srcset=\"https:\/\/vinasfm.com\/noticias\/wp-content\/uploads\/2020\/09\/IMG_20200923_213740_450-300x300.jpg 300w, https:\/\/vinasfm.com\/noticias\/wp-content\/uploads\/2020\/09\/IMG_20200923_213740_450-150x150.jpg 150w, https:\/\/vinasfm.com\/noticias\/wp-content\/uploads\/2020\/09\/IMG_20200923_213740_450-768x768.jpg 768w, https:\/\/vinasfm.com\/noticias\/wp-content\/uploads\/2020\/09\/IMG_20200923_213740_450-360x360.jpg 360w, https:\/\/vinasfm.com\/noticias\/wp-content\/uploads\/2020\/09\/IMG_20200923_213740_450-750x750.jpg 750w, https:\/\/vinasfm.com\/noticias\/wp-content\/uploads\/2020\/09\/IMG_20200923_213740_450.jpg 1006w\" sizes=\"auto, (max-width: 566px) 100vw, 566px\" \/><\/a><\/p>\n<h4 style=\"text-align: center;\"><span style=\"color: #000000;\"><strong>INFORME REGI\u00d3N SUR<\/strong><\/span><\/h4>\n<p><span style=\"color: #000000;\">Este\u00a0<strong>mi\u00e9rcoles<\/strong>, de los tres departamentos del sur mendocino, se analizaron\u00a0<strong>119<\/strong>\u00a0<strong>muestras<\/strong>\u00a0de\u00a0<strong>PCR<\/strong>\u00a0de las cuales\u00a0<strong>48 <\/strong><strong>arrojaron resultado positivo<\/strong>,\u00a0<strong>70<\/strong>\u00a0<strong>negativas y 1 qued\u00f3 en proceso de investigaci\u00f3n.<\/strong><\/span><\/p>\n<ul>\n<li><span style=\"color: #000000;\"><strong>GENERAL ALVEAR: 9 <\/strong><strong>(4 <\/strong><strong>con nexo por contacto estrecho, 4 <\/strong><strong>con nexo en investigaci\u00f3n epidemiol\u00f3gica y 1 por seguimiento cl\u00ednico).<\/strong><\/span><\/li>\n<\/ul>\n<ul>\n<li><span style=\"color: #000000;\"><strong>SAN RAFAEL: 37 (23 <\/strong><strong>con nexo por contacto estrecho, 14 <\/strong><strong>con nexo en investigaci\u00f3n epidemiol\u00f3gica).<\/strong><\/span><\/li>\n<li><span style=\"color: #000000;\"><strong>MALARG\u00dcE: 3, con nexo por contacto estrecho.<\/strong><\/span><\/li>\n<\/ul>\n<p><span style=\"color: #000000;\"><strong>Con estas cifras, San Rafael, Malarg\u00fce y General Alvear cuentan con 971 casos positivos confirmados de los cuales 345 se han recuperado y 24 han perdido la vida por Covid-19.<\/strong><\/span><\/p>\n<p><span style=\"color: #000000;\">De los\u00a0<strong>345 <\/strong>pacientes<strong>\u00a0recuperados desde el comienzo de la pandemia<\/strong>\u00a0en el Sur de Mendoza son:<\/span><\/p>\n<p><span style=\"color: #000000;\">\u2022\u00a0<strong>De<\/strong>\u00a0<strong>San Rafael: 268 pacientes.<\/strong><\/span><br \/>\n<span style=\"color: #000000;\"><strong>\u2022 De General Alvear: 70 pacientes.<\/strong><\/span><br \/>\n<span style=\"color: #000000;\"><strong>\u2022 De Malarg\u00fce: 7 pacientes.<\/strong><\/span><\/p>\n<h5><span style=\"color: #000000;\">\u2022F.B. (F.M. Vi\u00f1as).<\/span><\/h5>\n","protected":false},"excerpt":{"rendered":"<p>De acuerdo al informe suministrado por el Laboratorio Covid Regi\u00f3n Sur, General Alvear registr\u00f3 9 nuevos casos positivos de Coronavirus en &#8230;<\/p>\n","protected":false},"author":8,"featured_media":71727,"comment_status":"open","ping_status":"open","sticky":false,"template":"","format":"standard","meta":{"footnotes":""},"categories":[1],"tags":[],"class_list":["post-77358","post","type-post","status-publish","format-standard","has-post-thumbnail","hentry","category-fmvinas"],"_links":{"self":[{"href":"https:\/\/vinasfm.com\/noticias\/wp-json\/wp\/v2\/posts\/77358","targetHints":{"allow":["GET"]}}],"collection":[{"href":"https:\/\/vinasfm.com\/noticias\/wp-json\/wp\/v2\/posts"}],"about":[{"href":"https:\/\/vinasfm.com\/noticias\/wp-json\/wp\/v2\/types\/post"}],"author":[{"embeddable":true,"href":"https:\/\/vinasfm.com\/noticias\/wp-json\/wp\/v2\/users\/8"}],"replies":[{"embeddable":true,"href":"https:\/\/vinasfm.com\/noticias\/wp-json\/wp\/v2\/comments?post=77358"}],"version-history":[{"count":2,"href":"https:\/\/vinasfm.com\/noticias\/wp-json\/wp\/v2\/posts\/77358\/revisions"}],"predecessor-version":[{"id":77428,"href":"https:\/\/vinasfm.com\/noticias\/wp-json\/wp\/v2\/posts\/77358\/revisions\/77428"}],"wp:featuredmedia":[{"embeddable":true,"href":"https:\/\/vinasfm.com\/noticias\/wp-json\/wp\/v2\/media\/71727"}],"wp:attachment":[{"href":"https:\/\/vinasfm.com\/noticias\/wp-json\/wp\/v2\/media?parent=77358"}],"wp:term":[{"taxonomy":"category","embeddable":true,"href":"https:\/\/vinasfm.com\/noticias\/wp-json\/wp\/v2\/categories?post=77358"},{"taxonomy":"post_tag","embeddable":true,"href":"https:\/\/vinasfm.com\/noticias\/wp-json\/wp\/v2\/tags?post=77358"}],"curies":[{"name":"wp","href":"https:\/\/api.w.org\/{rel}","templated":true}]}}