{"id":77190,"date":"2020-09-21T11:17:05","date_gmt":"2020-09-21T14:17:05","guid":{"rendered":"http:\/\/vinasfm.com\/noticias\/?p=77190"},"modified":"2020-09-25T11:51:54","modified_gmt":"2020-09-25T14:51:54","slug":"se-registro-un-incendio-de-malezas-en-cercanias-del-cementerio","status":"publish","type":"post","link":"https:\/\/vinasfm.com\/noticias\/se-registro-un-incendio-de-malezas-en-cercanias-del-cementerio\/","title":{"rendered":"SE REGISTR\u00d3 UN INCENDIO DE MALEZAS EN CERCAN\u00cdAS DEL CEMENTERIO"},"content":{"rendered":"<h4><span style=\"color: #000000;\"><strong>Durante el fin de semana, se registraron varios incendios de malezas en nuestro departamento por lo que personal de Bomberos de la Polic\u00eda de Mendoza y Bomberos Voluntarios de Bowen tuvieron una ardua tarea en la mitigaci\u00f3n y control de los siniestros desatados en Alvear y Bowen.<\/strong><\/span><\/h4>\n<h4><span style=\"color: #000000;\"><strong>ALVEAR<\/strong><\/span><\/h4>\n<p><span style=\"color: #000000;\">Este domingo alrededor de las<strong> 16h de este domingo<\/strong> un llamado al n\u00famero de guardia alert\u00f3 a Bomberos de Alvear sobre el desarrollo de un importante incendio, <strong>causado por la mano del hombre<\/strong>, en <strong>inmediaciones de calle Mart\u00edn De Irigoyen al 2026<\/strong>.\u00a0<\/span><\/p>\n<p><span style=\"color: #000000;\">Con el aporte del leve viento que sopl\u00f3 en la zona, <strong>las llamas se propagaron raudamente afectando alrededor de 10 hect\u00e1reas<\/strong> en las que se encontraban 4 veh\u00edculos en estado de abandono.<\/span><\/p>\n<p><span style=\"color: #000000;\">El fuego alert\u00f3 a <strong>vecinos del lugar<\/strong> que <strong>se sumaron a la lucha que encabez\u00f3 Recursos Naturales y Bomberos<\/strong>. Adem\u00e1s, <strong>se cont\u00f3 con la ayuda del cami\u00f3n cisterna de la Municipalidad<\/strong>. Luego de m\u00e1s de <strong>dos horas de trabajo<\/strong>, se logr\u00f3 sofocar y contener el incendio.<\/span><\/p>\n<h4><span style=\"color: #000000;\"><strong>BOWEN<\/strong><\/span><\/h4>\n<p><span style=\"color: #000000;\">El<strong> s\u00e1bado 19<\/strong>, a las <strong>02:18h<\/strong>, un grupo de efectivos se moviliz\u00f3 hasta <strong>Ruta 188 y calle 18<\/strong>. All\u00ed se trabaj\u00f3 con devanadera para para sofocar las llamas, tarea que demand\u00f3 poco m\u00e1s de una hora.<\/span><\/p>\n<p><span style=\"color: #000000;\">Poco despu\u00e9s, a las <strong>04:13h<\/strong>, un llamado al numero de guardia inform\u00f3 a los uniformados sobre un incendio en inmediaciones de <strong>calles 21 y M<\/strong>, sitio donde se propagaba un incendio que tard\u00f3 m\u00e1s de dos horas en ser mitigado.\u00a0<\/span><\/p>\n<div class=\"_3x-2\" data-ft=\"{&quot;tn&quot;:&quot;H&quot;}\">\n<div data-ft=\"{&quot;tn&quot;:&quot;H&quot;}\">\n<div class=\"_2a2q _65sr\">\n<div class=\"text_exposed_show\">\n<div class=\"text_exposed_show\">\n<p><span style=\"color: #000000;\">Finalmente este <strong>domingo<\/strong>, a las <strong>5:56h<\/strong>, debieron acudir a<strong> calle Centenario, entre calles 16 y 17<\/strong>, a sofocar otro foco \u00edgneo. Se trabaj\u00f3 con devanadera, y se termin\u00f3 de quemar ya que el mismo era en un desag\u00fce y ten\u00eda 4 focos de incendio en diferentes partes.<\/span><\/p>\n<h5><span style=\"color: #000000;\">F.B. (F.M. Vi\u00f1as).<\/span><\/h5>\n<\/div>\n<\/div>\n<\/div>\n<\/div>\n<\/div>\n","protected":false},"excerpt":{"rendered":"<p>Durante el fin de semana, se registraron varios incendios de malezas en nuestro departamento por lo que personal de Bomberos de &#8230;<\/p>\n","protected":false},"author":8,"featured_media":77194,"comment_status":"open","ping_status":"open","sticky":false,"template":"","format":"standard","meta":{"footnotes":""},"categories":[5,76],"tags":[],"class_list":["post-77190","post","type-post","status-publish","format-standard","has-post-thumbnail","hentry","category-actualidad","category-bomberos"],"_links":{"self":[{"href":"https:\/\/vinasfm.com\/noticias\/wp-json\/wp\/v2\/posts\/77190","targetHints":{"allow":["GET"]}}],"collection":[{"href":"https:\/\/vinasfm.com\/noticias\/wp-json\/wp\/v2\/posts"}],"about":[{"href":"https:\/\/vinasfm.com\/noticias\/wp-json\/wp\/v2\/types\/post"}],"author":[{"embeddable":true,"href":"https:\/\/vinasfm.com\/noticias\/wp-json\/wp\/v2\/users\/8"}],"replies":[{"embeddable":true,"href":"https:\/\/vinasfm.com\/noticias\/wp-json\/wp\/v2\/comments?post=77190"}],"version-history":[{"count":1,"href":"https:\/\/vinasfm.com\/noticias\/wp-json\/wp\/v2\/posts\/77190\/revisions"}],"predecessor-version":[{"id":77195,"href":"https:\/\/vinasfm.com\/noticias\/wp-json\/wp\/v2\/posts\/77190\/revisions\/77195"}],"wp:featuredmedia":[{"embeddable":true,"href":"https:\/\/vinasfm.com\/noticias\/wp-json\/wp\/v2\/media\/77194"}],"wp:attachment":[{"href":"https:\/\/vinasfm.com\/noticias\/wp-json\/wp\/v2\/media?parent=77190"}],"wp:term":[{"taxonomy":"category","embeddable":true,"href":"https:\/\/vinasfm.com\/noticias\/wp-json\/wp\/v2\/categories?post=77190"},{"taxonomy":"post_tag","embeddable":true,"href":"https:\/\/vinasfm.com\/noticias\/wp-json\/wp\/v2\/tags?post=77190"}],"curies":[{"name":"wp","href":"https:\/\/api.w.org\/{rel}","templated":true}]}}