{"id":77155,"date":"2020-09-21T07:20:03","date_gmt":"2020-09-21T10:20:03","guid":{"rendered":"http:\/\/vinasfm.com\/noticias\/?p=77155"},"modified":"2020-09-21T20:41:04","modified_gmt":"2020-09-21T23:41:04","slug":"este-fin-de-semana-alvear-registro-13-casos-positivos-6-recuperados-y-1-fallecimiento-por-covid-19","status":"publish","type":"post","link":"https:\/\/vinasfm.com\/noticias\/este-fin-de-semana-alvear-registro-13-casos-positivos-6-recuperados-y-1-fallecimiento-por-covid-19\/","title":{"rendered":"ESTE FIN DE SEMANA, ALVEAR REGISTR\u00d3 13 CASOS POSITIVOS, 6 RECUPERADOS Y 1 FALLECIMIENTO POR COVID-19"},"content":{"rendered":"<h4><span style=\"color: #000000;\"><strong>De acuerdo al informe suministrado por el Hospital Enfermeros Argentinos, General Alvear sumo 13 nuevos casos positivos de Covid-19 en las \u00faltimas 48 horas, lapso en el que se confirm\u00f3 la recuperaci\u00f3n de 6 pacientes y el fallecimiento de una mujer (82).<\/strong><\/span><\/h4>\n<p><span style=\"color: #000000;\">Al momento, el total de casos acumulados en el <i>nosocomio local <\/i>es de\u00a0<strong>133 <\/strong><strong>(73 <\/strong><strong>casos\u00a0<\/strong><strong>activos, 57 <\/strong><strong>casos recuperados, 3<\/strong><strong>\u00a0fallecimientos).<\/strong><\/span><\/p>\n<h4 style=\"text-align: center;\"><span style=\"color: #000000;\"><strong>INFORME REGI\u00d3N SUR<\/strong><\/span><\/h4>\n<p><span style=\"color: #000000;\">Entre el <strong>s\u00e1bado<\/strong> y el <strong>domingo<\/strong>, de los tres departamentos del sur mendocino, se analizaron\u00a0<strong>157<\/strong>\u00a0<strong>muestras<\/strong>\u00a0de\u00a0<strong>PCR<\/strong>\u00a0de las cuales\u00a0<strong>43 <\/strong><strong>arrojaron resultado positivo<\/strong>,\u00a0<strong>108<\/strong>\u00a0<strong>negativas y 6 quedaron en proceso de investigaci\u00f3n.<\/strong><\/span><\/p>\n<ul>\n<li><span style=\"color: #000000;\"><strong>GENERAL ALVEAR: 13 (5 con nexo por contacto estrecho, 7 con nexo en investigaci\u00f3n epidemiol\u00f3gica y un positivo por an\u00e1lisis serol\u00f3gico\/cl\u00ednico).<\/strong><\/span><\/li>\n<\/ul>\n<ul>\n<li><span style=\"color: #000000;\"><strong>SAN RAFAEL: 28 (14 <\/strong><strong>con nexo por contacto estrecho, 14 <\/strong><strong>con nexo en investigaci\u00f3n epidemiol\u00f3gica).<\/strong><\/span><\/li>\n<li><span style=\"color: #000000;\"><strong>MALARG\u00dcE: 2 (1 con nexo por contacto estrecho y 1 en investigaci\u00f3n epidemiol\u00f3gica).<\/strong><\/span><\/li>\n<\/ul>\n<p><span style=\"color: #000000;\"><strong>Con estas cifras, San Rafael, Malarg\u00fce y General Alvear cuentan con 848 casos positivos confirmados de los cuales 309 se han recuperado y 23 han perdido la vida por Covid-19.<\/strong><\/span><\/p>\n<p><span style=\"color: #000000;\">De los <strong>309<\/strong> pacientes<strong> recuperados desde el comienzo de la pandemia<\/strong> en el Sur de Mendoza son:<\/span><\/p>\n<p><span style=\"color: #000000;\">\u2022 <strong>De<\/strong> <strong>San Rafael: 239 pacientes.<\/strong><\/span><br \/>\n<span style=\"color: #000000;\"><strong>\u2022 De General Alvear: 57 pacientes.<\/strong><\/span><br \/>\n<span style=\"color: #000000;\"><strong>\u2022 De Malarg\u00fce: 7 pacientes.<\/strong><\/span><\/p>\n<h5><span style=\"color: #000000;\">\u2022F.B. (F.M. Vi\u00f1as).<\/span><\/h5>\n","protected":false},"excerpt":{"rendered":"<p>De acuerdo al informe suministrado por el Hospital Enfermeros Argentinos, General Alvear sumo 13 nuevos casos positivos de Covid-19 en las &#8230;<\/p>\n","protected":false},"author":8,"featured_media":41236,"comment_status":"open","ping_status":"open","sticky":false,"template":"","format":"standard","meta":{"footnotes":""},"categories":[5,62],"tags":[],"class_list":["post-77155","post","type-post","status-publish","format-standard","has-post-thumbnail","hentry","category-actualidad","category-coronavirus"],"_links":{"self":[{"href":"https:\/\/vinasfm.com\/noticias\/wp-json\/wp\/v2\/posts\/77155","targetHints":{"allow":["GET"]}}],"collection":[{"href":"https:\/\/vinasfm.com\/noticias\/wp-json\/wp\/v2\/posts"}],"about":[{"href":"https:\/\/vinasfm.com\/noticias\/wp-json\/wp\/v2\/types\/post"}],"author":[{"embeddable":true,"href":"https:\/\/vinasfm.com\/noticias\/wp-json\/wp\/v2\/users\/8"}],"replies":[{"embeddable":true,"href":"https:\/\/vinasfm.com\/noticias\/wp-json\/wp\/v2\/comments?post=77155"}],"version-history":[{"count":1,"href":"https:\/\/vinasfm.com\/noticias\/wp-json\/wp\/v2\/posts\/77155\/revisions"}],"predecessor-version":[{"id":77157,"href":"https:\/\/vinasfm.com\/noticias\/wp-json\/wp\/v2\/posts\/77155\/revisions\/77157"}],"wp:featuredmedia":[{"embeddable":true,"href":"https:\/\/vinasfm.com\/noticias\/wp-json\/wp\/v2\/media\/41236"}],"wp:attachment":[{"href":"https:\/\/vinasfm.com\/noticias\/wp-json\/wp\/v2\/media?parent=77155"}],"wp:term":[{"taxonomy":"category","embeddable":true,"href":"https:\/\/vinasfm.com\/noticias\/wp-json\/wp\/v2\/categories?post=77155"},{"taxonomy":"post_tag","embeddable":true,"href":"https:\/\/vinasfm.com\/noticias\/wp-json\/wp\/v2\/tags?post=77155"}],"curies":[{"name":"wp","href":"https:\/\/api.w.org\/{rel}","templated":true}]}}