{"id":77103,"date":"2020-09-21T10:00:14","date_gmt":"2020-09-21T13:00:14","guid":{"rendered":"http:\/\/vinasfm.com\/noticias\/?p=77103"},"modified":"2020-09-21T19:39:58","modified_gmt":"2020-09-21T22:39:58","slug":"beneficiando-a-miles-de-familias-el-ife-inyecto-300-millones-en-alvear","status":"publish","type":"post","link":"https:\/\/vinasfm.com\/noticias\/beneficiando-a-miles-de-familias-el-ife-inyecto-300-millones-en-alvear\/","title":{"rendered":"BENEFICIANDO A MILES DE FAMILIAS, EL IFE INYECT\u00d3 $300 MILLONES EN ALVEAR"},"content":{"rendered":"<h4><span style=\"color: #000000;\"><strong>Se comenz\u00f3 con el pago del tercer IFE en todo el pa\u00eds, medida que brinda el Gobierno Nacional a trav\u00e9s de Anses y por la cual se invirti\u00f3 en la econom\u00eda de General Alvear m\u00e1s de 300 millones de pesos durante toda la pandemia y se vieron beneficiados m\u00e1s de 10 mil alvearenses<\/strong>.<\/span><\/h4>\n<p><span style=\"color: #000000;\">\u201c<em><strong>Estas medidas sirvieron no solo para ayudar en la econom\u00eda de las familias, tambi\u00e9n para que Anses pudiera bancarizar a todas esas personas y as\u00ed en un futuro cuando se le brinde otro servicio el tr\u00e1mite sea seguro tanto para el Estado como para el ciudadano que lo recibe<\/strong><\/em>\u201d, expres\u00f3 <strong>Myrna Osorio,<\/strong> Titular de Anses en Alvear.<\/span><\/p>\n<p><span style=\"color: #000000;\">\u201c<strong><em>Fueron tres cuotas del Ingreso Familiar de Emergencia que lo recibieron m\u00e1s de 10 mil familias, este dinero que ingres\u00f3 a nuestro Departamento ayud\u00f3 a su econom\u00eda ya que las personas lo invirtieron en comercios, tiendas, supermercados, negocios locales<\/em><\/strong>\u201d, sostuvo Osorio.<\/span><\/p>\n<p><span style=\"color: #000000;\">Por otro lado la Titular de Anses <strong>anunci\u00f3 la fecha del pr\u00f3ximo Operativo de la Unidad de Atenci\u00f3n M\u00f3vil<\/strong> que realizar\u00e1n en los Distritos con autoridades provinciales: \u201c<strong><em>El mi\u00e9rcoles 30 de setiembre y el jueves 1 de octubre estaremos en el Distrito de Bowen, en las instalaciones de Cospac. En estos Operativos tambi\u00e9n participan personal de PAMI y se hacen todos en horario de ma\u00f1ana, vamos a estar dos d\u00edas para que la gente respete su terminaci\u00f3n de DNI, es importante que sepan que no necesitan turno<\/em><\/strong>\u201d.<\/span><\/p>\n<p><span style=\"color: #000000;\">En la misma linea subray\u00f3: \u201c<strong><em>El viernes 2 de octubre estaremos en el Distrito de Alvear Oeste en el Centro de Jubilado de la Calle Santa Fe, en este caso no va a importar la terminaci\u00f3n del DNI porque es un solo d\u00eda. Se pueden realizar cualquier tipo de tr\u00e1mites excepto los de inicio de jubilaciones o pensiones<\/em><\/strong>\u201d.<\/span><\/p>\n<p><span style=\"color: #000000;\">\u201c<strong><em>Con respecto a visitar San Pedro del Atuel pr\u00f3ximamente anunciaremos el d\u00eda en que estaremos en ese lugar con el Operativo, este tipo de atenci\u00f3n lo realizamos para acercar los servicios de Anses a la gente, para llegar aquellos que est\u00e1n m\u00e1s alejados<\/em><\/strong>\u201d, finaliz\u00f3 Myrna Osorio.<\/span><\/p>\n<p><span style=\"color: #000000;\">\u2022F.B.<\/span><\/p>\n","protected":false},"excerpt":{"rendered":"<p>Se comenz\u00f3 con el pago del tercer IFE en todo el pa\u00eds, medida que brinda el Gobierno Nacional a trav\u00e9s de &#8230;<\/p>\n","protected":false},"author":8,"featured_media":77104,"comment_status":"open","ping_status":"open","sticky":false,"template":"","format":"standard","meta":{"footnotes":""},"categories":[5,50],"tags":[],"class_list":["post-77103","post","type-post","status-publish","format-standard","has-post-thumbnail","hentry","category-actualidad","category-anses"],"_links":{"self":[{"href":"https:\/\/vinasfm.com\/noticias\/wp-json\/wp\/v2\/posts\/77103","targetHints":{"allow":["GET"]}}],"collection":[{"href":"https:\/\/vinasfm.com\/noticias\/wp-json\/wp\/v2\/posts"}],"about":[{"href":"https:\/\/vinasfm.com\/noticias\/wp-json\/wp\/v2\/types\/post"}],"author":[{"embeddable":true,"href":"https:\/\/vinasfm.com\/noticias\/wp-json\/wp\/v2\/users\/8"}],"replies":[{"embeddable":true,"href":"https:\/\/vinasfm.com\/noticias\/wp-json\/wp\/v2\/comments?post=77103"}],"version-history":[{"count":2,"href":"https:\/\/vinasfm.com\/noticias\/wp-json\/wp\/v2\/posts\/77103\/revisions"}],"predecessor-version":[{"id":77187,"href":"https:\/\/vinasfm.com\/noticias\/wp-json\/wp\/v2\/posts\/77103\/revisions\/77187"}],"wp:featuredmedia":[{"embeddable":true,"href":"https:\/\/vinasfm.com\/noticias\/wp-json\/wp\/v2\/media\/77104"}],"wp:attachment":[{"href":"https:\/\/vinasfm.com\/noticias\/wp-json\/wp\/v2\/media?parent=77103"}],"wp:term":[{"taxonomy":"category","embeddable":true,"href":"https:\/\/vinasfm.com\/noticias\/wp-json\/wp\/v2\/categories?post=77103"},{"taxonomy":"post_tag","embeddable":true,"href":"https:\/\/vinasfm.com\/noticias\/wp-json\/wp\/v2\/tags?post=77103"}],"curies":[{"name":"wp","href":"https:\/\/api.w.org\/{rel}","templated":true}]}}