{"id":77014,"date":"2020-09-17T09:02:30","date_gmt":"2020-09-17T12:02:30","guid":{"rendered":"http:\/\/vinasfm.com\/noticias\/?p=77014"},"modified":"2020-09-18T09:24:52","modified_gmt":"2020-09-18T12:24:52","slug":"diputados-dio-media-sancion-a-ficha-limpia-proyecto-que-impide-que-condenados-en-primera-instancia-sean-candidatos","status":"publish","type":"post","link":"https:\/\/vinasfm.com\/noticias\/diputados-dio-media-sancion-a-ficha-limpia-proyecto-que-impide-que-condenados-en-primera-instancia-sean-candidatos\/","title":{"rendered":"DIPUTADOS DIO MEDIA SANCI\u00d3N A \u201cFICHA LIMPIA\u201d, PROYECTO QUE IMPIDE QUE CONDENADOS EN PRIMERA INSTANCIA SEAN CANDIDATOS"},"content":{"rendered":"<h4><strong>Avanza en la Legislatura provincial la ley por la que se proh\u00edbe que ocupen cargos p\u00fablicos electivos y ejecutivos los condenados por diversos delitos.<\/strong><\/h4>\n<p>El proyecto fue aprobado ayer por la C\u00e1mara de Diputados mendocina, por 48 votos positivos y uno negativo de la representante de la izquierda pol\u00edtica, y fue enviado en revisi\u00f3n al Senado.<\/p>\n<p><strong>Contempla que no podr\u00e1n ser candidatos a cargos partidarios, ni precandidatos en elecciones primarias, ni postulantes en comicios generales a cargos p\u00fablicos, ni funcionarios estatales las personas que se encuentren condenadas,<\/strong> en juicio oral y p\u00fablico, a pena privativa de la libertad, aunque la sentencia no se encontrase firme y la pena fuera de cumplimiento en suspenso, por delitos contra la administraci\u00f3n p\u00fablica, es decir, cohecho, tr\u00e1fico de influencias, malversaci\u00f3n de caudales p\u00fablicos, negociaciones incompatibles con el ejercicio de la funci\u00f3n p\u00fablica, exacciones ilegales, enriquecimiento il\u00edcito de funcionarios y empleados, encubrimiento y fraude en perjuicio de la administraci\u00f3n p\u00fablica.<\/p>\n<p>Durante la sesi\u00f3n de ayer se incorpor\u00f3, adem\u00e1s, la prohibici\u00f3n de acceder a esas candidaturas y cargos a los condenados por delitos econ\u00f3micos y contra la integridad sexual, la libertad y el estado civil de las personas.<\/p>\n<p>El proyecto hab\u00eda sido presentado por la <strong>diputada radical Mar\u00eda Jos\u00e9 Sanz<\/strong> y cont\u00f3 con el apoyo de miembros de su bloque y de la amplia mayor\u00eda del resto de las bancadas, que realizaron aportes, tanto en comisi\u00f3n como en el recinto, los que fueron aceptados por el oficialismo.\u00a0<strong>Sin embargo, durante la discusi\u00f3n en particular, la oposici\u00f3n representada por el justicialismo y el Frente de Todos se abstuvo de votar el inciso por el que se decidi\u00f3 no esperar hasta las sentencias firmes.<\/strong><\/p>\n<p>En concreto, se trata de una modificaci\u00f3n de la Ley Org\u00e1nica de Partidos Pol\u00edticos. La misma determina, entre otros puntos, qui\u00e9nes pueden (o no) postularse a los cargos electivos locales.<\/p>\n<p>Sanz explic\u00f3 que \u00ablos responsables directos van a ser los partidos pol\u00edticos\u00bb. Por esto, si un espacio pol\u00edtico inscribe a alguien con alguna de estas condenas, la Junta Electoral le dar\u00e1 aviso, tendr\u00e1 24 horas para hacer un reemplazo y, si esto no ocurre, toda la lista quedar\u00e1 inhabilitada.<\/p>\n<p>La semana pasada, el presidente de la C\u00e1mara Baja, Andr\u00e9s Lombardi, particip\u00f3 de un encuentro en el que recibi\u00f3 dos documentos que suman m\u00e1s de 350 mil firmas en apoyo a la iniciativa.<\/p>\n<p>Finalmente, el oficialismo acumul\u00f3 un expediente de Gustavo Cairo (PRO) que establece que \u00ablos funcionarios de los poderes ejecutivos provincial y municipales y los funcionarios de entes descentralizados y empresas del Estado, deber\u00e1n presentar ante la Oficina de Investigaciones Administrativas y \u00c9tica P\u00fablica, dentro de los 30 d\u00edas de su designaci\u00f3n, un certificado de antecedentes penales donde conste que no hayan sido condenados por delitos contra la administraci\u00f3n p\u00fablica\u00bb.<\/p>\n<p><strong>La discusi\u00f3n continuar\u00e1 en el Senado, donde -de no existir modificaci\u00f3n a lo aprobado en Diputados- se convertir\u00e1 en ley.<\/strong><\/p>\n<h5><em><strong>A.C.<\/strong><\/em><\/h5>\n","protected":false},"excerpt":{"rendered":"<p>Avanza en la Legislatura provincial la ley por la que se proh\u00edbe que ocupen cargos p\u00fablicos electivos y ejecutivos los condenados &#8230;<\/p>\n","protected":false},"author":7,"featured_media":77015,"comment_status":"open","ping_status":"open","sticky":false,"template":"","format":"standard","meta":{"footnotes":""},"categories":[5,43],"tags":[],"class_list":["post-77014","post","type-post","status-publish","format-standard","has-post-thumbnail","hentry","category-actualidad","category-legislatura"],"_links":{"self":[{"href":"https:\/\/vinasfm.com\/noticias\/wp-json\/wp\/v2\/posts\/77014","targetHints":{"allow":["GET"]}}],"collection":[{"href":"https:\/\/vinasfm.com\/noticias\/wp-json\/wp\/v2\/posts"}],"about":[{"href":"https:\/\/vinasfm.com\/noticias\/wp-json\/wp\/v2\/types\/post"}],"author":[{"embeddable":true,"href":"https:\/\/vinasfm.com\/noticias\/wp-json\/wp\/v2\/users\/7"}],"replies":[{"embeddable":true,"href":"https:\/\/vinasfm.com\/noticias\/wp-json\/wp\/v2\/comments?post=77014"}],"version-history":[{"count":1,"href":"https:\/\/vinasfm.com\/noticias\/wp-json\/wp\/v2\/posts\/77014\/revisions"}],"predecessor-version":[{"id":77016,"href":"https:\/\/vinasfm.com\/noticias\/wp-json\/wp\/v2\/posts\/77014\/revisions\/77016"}],"wp:featuredmedia":[{"embeddable":true,"href":"https:\/\/vinasfm.com\/noticias\/wp-json\/wp\/v2\/media\/77015"}],"wp:attachment":[{"href":"https:\/\/vinasfm.com\/noticias\/wp-json\/wp\/v2\/media?parent=77014"}],"wp:term":[{"taxonomy":"category","embeddable":true,"href":"https:\/\/vinasfm.com\/noticias\/wp-json\/wp\/v2\/categories?post=77014"},{"taxonomy":"post_tag","embeddable":true,"href":"https:\/\/vinasfm.com\/noticias\/wp-json\/wp\/v2\/tags?post=77014"}],"curies":[{"name":"wp","href":"https:\/\/api.w.org\/{rel}","templated":true}]}}