{"id":77011,"date":"2020-09-17T08:30:50","date_gmt":"2020-09-17T11:30:50","guid":{"rendered":"http:\/\/vinasfm.com\/noticias\/?p=77011"},"modified":"2020-09-17T17:52:54","modified_gmt":"2020-09-17T20:52:54","slug":"este-lunes-comienza-el-4-curso-para-operadores-de-seguridad-privada","status":"publish","type":"post","link":"https:\/\/vinasfm.com\/noticias\/este-lunes-comienza-el-4-curso-para-operadores-de-seguridad-privada\/","title":{"rendered":"ESTE LUNES COMIENZA EL 4\u00b0 CURSO PARA OPERADORES DE SEGURIDAD PRIVADA"},"content":{"rendered":"<h4><strong><span style=\"color: #000000;\">El Instituto Universitario de Seguridad P\u00fablica (IUSP) dependiente del Ministerio de Seguridad, dictar\u00e1 el 4\u00b0 curso\u00a0<em>online<\/em>\u00a0para operadores\u00a0de Seguridad Privada en la provincia.<\/span><\/strong><\/h4>\n<p><span style=\"color: #000000;\">Las clases <strong>comenzar\u00e1n el pr\u00f3ximo lunes<\/strong>, bajo la <strong>modalidad virtual y con una duraci\u00f3n de 60 d\u00edas.<\/strong> Estar\u00e1 destinado a <strong>vigiladores, serenos, preventores y personas que desarrollen tareas de seguridad<\/strong>.<\/span><\/p>\n<p><span style=\"color: #000000;\">Todos aquellos interesados podr\u00e1n recibir m\u00e1s informaci\u00f3n llamando a los tel\u00e9fonos <strong>4274140<\/strong> y <strong>4270836<\/strong> o enviando un mensaje al correo\u00a0<a style=\"color: #000000;\" href=\"mailto:iusp.capacitacionmendoza@gmail.com\">iusp.capacitacionmendoza@gmail.com<\/a>.<\/span><\/p>\n<p><span style=\"color: #000000;\">En el contexto de pandemia por el COVID-19, las autoridades de la cartera de Seguridad han implementado una serie de herramientas para continuar con el \u00a0dictado de las carreras, cursos y capacitaciones a trav\u00e9s de diferentes plataformas\u00a0<em>online<\/em>.<\/span><\/p>\n<h5>\u2022F.B.<\/h5>\n","protected":false},"excerpt":{"rendered":"<p>El Instituto Universitario de Seguridad P\u00fablica (IUSP) dependiente del Ministerio de Seguridad, dictar\u00e1 el 4\u00b0 curso\u00a0online\u00a0para operadores\u00a0de Seguridad Privada en la &#8230;<\/p>\n","protected":false},"author":8,"featured_media":25224,"comment_status":"open","ping_status":"open","sticky":false,"template":"","format":"standard","meta":{"footnotes":""},"categories":[5,33],"tags":[],"class_list":["post-77011","post","type-post","status-publish","format-standard","has-post-thumbnail","hentry","category-actualidad","category-seguridad"],"_links":{"self":[{"href":"https:\/\/vinasfm.com\/noticias\/wp-json\/wp\/v2\/posts\/77011","targetHints":{"allow":["GET"]}}],"collection":[{"href":"https:\/\/vinasfm.com\/noticias\/wp-json\/wp\/v2\/posts"}],"about":[{"href":"https:\/\/vinasfm.com\/noticias\/wp-json\/wp\/v2\/types\/post"}],"author":[{"embeddable":true,"href":"https:\/\/vinasfm.com\/noticias\/wp-json\/wp\/v2\/users\/8"}],"replies":[{"embeddable":true,"href":"https:\/\/vinasfm.com\/noticias\/wp-json\/wp\/v2\/comments?post=77011"}],"version-history":[{"count":1,"href":"https:\/\/vinasfm.com\/noticias\/wp-json\/wp\/v2\/posts\/77011\/revisions"}],"predecessor-version":[{"id":77012,"href":"https:\/\/vinasfm.com\/noticias\/wp-json\/wp\/v2\/posts\/77011\/revisions\/77012"}],"wp:featuredmedia":[{"embeddable":true,"href":"https:\/\/vinasfm.com\/noticias\/wp-json\/wp\/v2\/media\/25224"}],"wp:attachment":[{"href":"https:\/\/vinasfm.com\/noticias\/wp-json\/wp\/v2\/media?parent=77011"}],"wp:term":[{"taxonomy":"category","embeddable":true,"href":"https:\/\/vinasfm.com\/noticias\/wp-json\/wp\/v2\/categories?post=77011"},{"taxonomy":"post_tag","embeddable":true,"href":"https:\/\/vinasfm.com\/noticias\/wp-json\/wp\/v2\/tags?post=77011"}],"curies":[{"name":"wp","href":"https:\/\/api.w.org\/{rel}","templated":true}]}}