{"id":76965,"date":"2020-09-17T09:00:45","date_gmt":"2020-09-17T12:00:45","guid":{"rendered":"http:\/\/vinasfm.com\/noticias\/?p=76965"},"modified":"2020-09-18T09:46:48","modified_gmt":"2020-09-18T12:46:48","slug":"fue-por-un-modulo-alimentario-y-termino-robandose-una-bicicleta-en-la-delegacion-de-alvear-oeste","status":"publish","type":"post","link":"https:\/\/vinasfm.com\/noticias\/fue-por-un-modulo-alimentario-y-termino-robandose-una-bicicleta-en-la-delegacion-de-alvear-oeste\/","title":{"rendered":"FUE POR UN M\u00d3DULO ALIMENTARIO Y TERMIN\u00d3 ROB\u00c1NDOSE UNA BICICLETA EN LA DELEGACI\u00d3N DE ALVEAR OESTE"},"content":{"rendered":"<h4><span style=\"color: #000000;\"><strong>Este mi\u00e9rcoles, la Justicia determin\u00f3 el traslado a la Penitenciar\u00eda de San Rafael de la joven sindicada por sustraer una bicicleta perteneciente a un empleado de la Delegaci\u00f3n de Alvear Oeste. El il\u00edcito qued\u00f3 grabado por las c\u00e1maras de seguridad, prueba que sirvi\u00f3 para detener e imputar a la autora del hecho.<\/strong><\/span><\/h4>\n<p><span style=\"color: #000000;\">De acuerdo a informaci\u00f3n cotejada por este medio, se trata de una joven de apellido<em>\u00a0Apalauza<\/em>, de <em>22<\/em> aprox, quien alrededor de las <strong>7:30h del pasado martes 8 de septiembre ingres\u00f3 sobre su bicicleta, tipo playera, por la entrada principal al predio donde est\u00e1 situada la Delegaci\u00f3n Distrital<\/strong> y tras intentar adentrarse en el edificio not\u00f3 que estaba cerrado por lo que se dirigi\u00f3 al patio, lugar donde <strong>observ\u00f3 una Todo Terreno marca Scott,<\/strong> que pertenece a un empleado municipal de apellido <em>Torres<\/em>.<\/span><\/p>\n<p><span style=\"color: #000000;\">Luego de comprobar que el rodado no contaba con medidas de seguridad, <em>Apalauza<\/em> <strong>se retir\u00f3 y regres\u00f3 20 minutos despu\u00e9s a pie<\/strong>. Fue nuevamente hasta el patio de la Delegaci\u00f3n, <strong>se apoder\u00f3 de la Todo Terreno y se la llev\u00f3 a su domicilio particular, en Facinelli y Centenario<\/strong>.<\/span><\/p>\n<p><span style=\"color: #000000;\">A las <strong>9:30h<\/strong>, <strong>se present\u00f3 por tercera vez en el edificio municipal con el fin solicitar un m\u00f3dulo alimentario<\/strong> y hablar con el <strong>Delegado Mariano Varela<\/strong>. Hasta ese momento, los funcionarios y empleados no hab\u00edan constatado que la mujer hab\u00eda sido protagonista de la secuencia que termin\u00f3 de comprobarse al <strong>observar la filmaci\u00f3n captada por una de las c\u00e1maras de seguridad luego de que Torres advirtiera la ausencia de su movilidad.<\/strong><\/span><\/p>\n<p><span style=\"color: #000000;\">La denuncia fue radicada por el damnificado ante la <strong>Unidad Fiscal<\/strong> de Comisaria 14\u00b0 y desde la Delegaci\u00f3n <strong>se entreg\u00f3 como elemento probatorio la filmaci\u00f3n que capturaba el modus operandi de la malviviente<\/strong>. La <strong>Unidad Investigativa<\/strong> <strong>concret\u00f3 la medida de allanamiento la misma noche <\/strong>en el domicilio de <em>Apalauza<\/em>, quien casualmente <strong>hab\u00eda sido detenida horas antes en Diagonal Carlos Pellegrini en estado de ebriedad<\/strong>.<\/span><\/p>\n<p><span style=\"color: #000000;\">En su vivienda particular <strong>se secuestr\u00f3 el biciclo y las prendas que hab\u00eda utilizado<\/strong> por lo que se la imput\u00f3 por <strong><em>Hurto Agravado<\/em><\/strong>, encuadre legal por el que se determin\u00f3 su reciente traslado a la sede penitenciaria.<\/span><\/p>\n<p><span style=\"color: #000000;\">Hace unas horas, la Justicia accedi\u00f3 a concederle la <strong>prisi\u00f3n domiciliaria<\/strong> que se har\u00e1 efectiva en los pr\u00f3ximos d\u00edas. Cabe destacar que <strong>la imputada tiene antecedentes por hechos similares<\/strong>.<\/span><\/p>\n<h5><span style=\"color: #000000;\">\u2022F.B. (F.M. Vi\u00f1as).<\/span><\/h5>\n","protected":false},"excerpt":{"rendered":"<p>Este mi\u00e9rcoles, la Justicia determin\u00f3 el traslado a la Penitenciar\u00eda de San Rafael de la joven sindicada por sustraer una bicicleta &#8230;<\/p>\n","protected":false},"author":8,"featured_media":76966,"comment_status":"open","ping_status":"open","sticky":false,"template":"","format":"standard","meta":{"footnotes":""},"categories":[5,4],"tags":[],"class_list":["post-76965","post","type-post","status-publish","format-standard","has-post-thumbnail","hentry","category-actualidad","category-policiales"],"_links":{"self":[{"href":"https:\/\/vinasfm.com\/noticias\/wp-json\/wp\/v2\/posts\/76965","targetHints":{"allow":["GET"]}}],"collection":[{"href":"https:\/\/vinasfm.com\/noticias\/wp-json\/wp\/v2\/posts"}],"about":[{"href":"https:\/\/vinasfm.com\/noticias\/wp-json\/wp\/v2\/types\/post"}],"author":[{"embeddable":true,"href":"https:\/\/vinasfm.com\/noticias\/wp-json\/wp\/v2\/users\/8"}],"replies":[{"embeddable":true,"href":"https:\/\/vinasfm.com\/noticias\/wp-json\/wp\/v2\/comments?post=76965"}],"version-history":[{"count":2,"href":"https:\/\/vinasfm.com\/noticias\/wp-json\/wp\/v2\/posts\/76965\/revisions"}],"predecessor-version":[{"id":76976,"href":"https:\/\/vinasfm.com\/noticias\/wp-json\/wp\/v2\/posts\/76965\/revisions\/76976"}],"wp:featuredmedia":[{"embeddable":true,"href":"https:\/\/vinasfm.com\/noticias\/wp-json\/wp\/v2\/media\/76966"}],"wp:attachment":[{"href":"https:\/\/vinasfm.com\/noticias\/wp-json\/wp\/v2\/media?parent=76965"}],"wp:term":[{"taxonomy":"category","embeddable":true,"href":"https:\/\/vinasfm.com\/noticias\/wp-json\/wp\/v2\/categories?post=76965"},{"taxonomy":"post_tag","embeddable":true,"href":"https:\/\/vinasfm.com\/noticias\/wp-json\/wp\/v2\/tags?post=76965"}],"curies":[{"name":"wp","href":"https:\/\/api.w.org\/{rel}","templated":true}]}}