{"id":76837,"date":"2020-09-14T06:17:45","date_gmt":"2020-09-14T09:17:45","guid":{"rendered":"http:\/\/vinasfm.com\/noticias\/?p=76837"},"modified":"2020-09-16T07:11:30","modified_gmt":"2020-09-16T10:11:30","slug":"la-palabra-del-martin-hidalgo-nuevo-sub-delegado-del-rio-atuel-tenemos-que-ser-lo-mas-eficientes-posible","status":"publish","type":"post","link":"https:\/\/vinasfm.com\/noticias\/la-palabra-del-martin-hidalgo-nuevo-sub-delegado-del-rio-atuel-tenemos-que-ser-lo-mas-eficientes-posible\/","title":{"rendered":"LA PALABRA DEL MART\u00cdN HIDALGO, NUEVO SUB DELEGADO DEL R\u00cdO ATUEL \u00abTENEMOS QUE SER LO M\u00c1S EFICIENTES POSIBLE\u00bb"},"content":{"rendered":"<h4><span style=\"color: #000000;\"><strong>F.M. Vi\u00f1as dialog\u00f3 con el Ingeniero Martin Hidalgo, nuevo Sub Delegado del Rio Atuel. A una semana de su asunci\u00f3n, detall\u00f3 las obras realizadas en la cuenca atuelina y como se prepara el D.G.I. de cara a una nueva temporada h\u00eddrica.<\/strong><\/span><\/h4>\n<p><span style=\"color: #000000;\">Mart\u00edn Hidalgo, particip\u00f3 este a\u00f1o del dise\u00f1o del plan de obras, concluido recientemente por un monto de <strong>$22 millones para la cuenca atuelina,<\/strong> que van desde reparaciones en el marginal, a otras menores en los canales.<\/span><\/p>\n<p><span style=\"color: #000000;\">El funcionario detall\u00f3 que se hicieron <strong>revestimientos<\/strong> en<strong> Real del Padre<\/strong>, trabajos experimentales en la <strong>Rama Soitu\u00e9<\/strong> por 1.850 metros y en <strong>Jaime Prats<\/strong> por 1.500 metros. Para ellos se utiliza <em>\u201crevestimientos c<strong>on silo bolsa<\/strong> en canales con un porte importante \u201c,<\/em> en la zona ya se usaba este sistema pero en hijuelas menores.<\/span><\/p>\n<p><span style=\"color: #000000;\">En calle Centenario se hizo la <strong>modificaci\u00f3n de las ramas Los \u00c1ngeles y Lectora, consistente en la ampliaci\u00f3n de un canal y tres partidores<\/strong>, con un costo de alrededor de $5 millones. Adem\u00e1s del<strong> revestimiento en la hijuela de Los Uruguayos en calle 18 y G<\/strong> en 850 metros y otros <strong>trabajos menores.<\/strong><\/span><\/p>\n<p><span style=\"color: #000000;\"><strong>Vale aclarar que todas las obras son financiadas por los productores, mediante el canon de riego. La red de canales en la cuenca del Atuel esta impermeabilizada en alrededor de un 13%, el 87% restante es de tierra.<\/strong><\/span><\/p>\n<p><span style=\"color: #000000;\">Por otra parte, <strong>en La Junta en Malarg\u00fce, se construye una obra para regularizar la situaci\u00f3n de tomas ilegales en esa zona, con canales de 2.500 metros, una serie de saltos, puentes y accesos a las propiedades.<\/strong><\/span><\/p>\n<p><span style=\"color: #000000;\">Sobre los pron\u00f3sticos y las nevadas en cordillera Hidalgo se\u00f1al\u00f3 que \u201c<em>Tenemos que ser lo m\u00e1s eficiente posible, <strong>el escenario de cambio clim\u00e1tico es algo que se prev\u00e9<\/strong> en los diversos estudios. <strong>Si bien este a\u00f1o las nevadas han sido un poco mejores, no ha sido un cambio reversible total. A duras penas llegaremos a un a\u00f1o medio<\/strong>\u201d.<\/em><\/span><\/p>\n<p><span style=\"color: #000000;\">Los primeros d\u00edas de octubre estar\u00e1 disponible el <strong>pron\u00f3stico de escurrimiento<\/strong>, que permite ajustar durante la temporada de verano, los planes de riego. <strong>Actualmente al embalse El Nihuil est\u00e1n ingresando 12 mts<sup>3<\/sup>\/s, mientras que el promedio hist\u00f3rico era de 24 mts<sup>3<\/sup>\/s.<\/strong><\/span><\/p>\n<p><span style=\"color: #000000;\">Otro factor a tener en cuenta es que debido a los a\u00f1os de sequ\u00eda, mucha del agua de deshielo va a recargar los acu\u00edferos, <em>\u201cno escurre toda al r\u00edo\u201d.<\/em><\/span><\/p>\n<p><span style=\"color: #000000;\">\u201c<strong><em>No podemos derrochar toda el agua en un principio, pero tampoco escatimar su uso, por ejemplo ahora que hay heladas. Hay que lograr un equilibrio\u201d,<\/em><\/strong> sostuvo.<\/span><\/p>\n<h4><span style=\"color: #000000;\"><strong>\u00bfQui\u00e9n es Mart\u00edn Hidalgo?<\/strong><\/span><\/h4>\n<p><span style=\"color: #000000;\">Mart\u00edn Hidalgo es un funcionario de carrera dentro de Irrigaci\u00f3n. Curs\u00f3 sus estudios secundarios en la Escuela de Agricultura, y la carrera de Ing. Civil en la UNCUYO. Se gradu\u00f3 en 2.007 y al a\u00f1o siguiente comenz\u00f3 a trabajar en el Departamento General de Irrigaci\u00f3n. Desde 2.017 trabaja en la Sub Delegaci\u00f3n del Atuel.<\/span><\/p>\n<h5><span style=\"color: #000000;\"><strong><em>A.C.<\/em><\/strong><\/span><\/h5>\n","protected":false},"excerpt":{"rendered":"<p>F.M. Vi\u00f1as dialog\u00f3 con el Ingeniero Martin Hidalgo, nuevo Sub Delegado del Rio Atuel. A una semana de su asunci\u00f3n, detall\u00f3 &#8230;<\/p>\n","protected":false},"author":7,"featured_media":76355,"comment_status":"open","ping_status":"open","sticky":false,"template":"","format":"standard","meta":{"footnotes":""},"categories":[5,37],"tags":[],"class_list":["post-76837","post","type-post","status-publish","format-standard","has-post-thumbnail","hentry","category-actualidad","category-irrigacion"],"_links":{"self":[{"href":"https:\/\/vinasfm.com\/noticias\/wp-json\/wp\/v2\/posts\/76837","targetHints":{"allow":["GET"]}}],"collection":[{"href":"https:\/\/vinasfm.com\/noticias\/wp-json\/wp\/v2\/posts"}],"about":[{"href":"https:\/\/vinasfm.com\/noticias\/wp-json\/wp\/v2\/types\/post"}],"author":[{"embeddable":true,"href":"https:\/\/vinasfm.com\/noticias\/wp-json\/wp\/v2\/users\/7"}],"replies":[{"embeddable":true,"href":"https:\/\/vinasfm.com\/noticias\/wp-json\/wp\/v2\/comments?post=76837"}],"version-history":[{"count":1,"href":"https:\/\/vinasfm.com\/noticias\/wp-json\/wp\/v2\/posts\/76837\/revisions"}],"predecessor-version":[{"id":76838,"href":"https:\/\/vinasfm.com\/noticias\/wp-json\/wp\/v2\/posts\/76837\/revisions\/76838"}],"wp:featuredmedia":[{"embeddable":true,"href":"https:\/\/vinasfm.com\/noticias\/wp-json\/wp\/v2\/media\/76355"}],"wp:attachment":[{"href":"https:\/\/vinasfm.com\/noticias\/wp-json\/wp\/v2\/media?parent=76837"}],"wp:term":[{"taxonomy":"category","embeddable":true,"href":"https:\/\/vinasfm.com\/noticias\/wp-json\/wp\/v2\/categories?post=76837"},{"taxonomy":"post_tag","embeddable":true,"href":"https:\/\/vinasfm.com\/noticias\/wp-json\/wp\/v2\/tags?post=76837"}],"curies":[{"name":"wp","href":"https:\/\/api.w.org\/{rel}","templated":true}]}}