{"id":76797,"date":"2020-09-14T06:50:22","date_gmt":"2020-09-14T09:50:22","guid":{"rendered":"http:\/\/vinasfm.com\/noticias\/?p=76797"},"modified":"2020-09-15T07:38:35","modified_gmt":"2020-09-15T10:38:35","slug":"en-bowen-marcolini-hizo-hincapie-en-el-rio-atuel-el-ferrocarril-y-el-orden-fiscal","status":"publish","type":"post","link":"https:\/\/vinasfm.com\/noticias\/en-bowen-marcolini-hizo-hincapie-en-el-rio-atuel-el-ferrocarril-y-el-orden-fiscal\/","title":{"rendered":"EN BOWEN, MARCOLINI HIZO HINCAPI\u00c9 EN EL R\u00cdO ATUEL, EL FERROCARRIL Y EL ORDEN FISCAL"},"content":{"rendered":"<h5><span style=\"color: #000000;\"><strong>Desde la renovada rotonda del Inmigrante, y de manera online se desarroll\u00f3 el acto por los 108 a\u00f1os de Bowen, un distrito pujante que sigue creciendo en obras a pesar de la pandemia. En este marco el intendente Walther Marcolini envi\u00f3 un mensaje de defensa del R\u00edo Atuel\u00a0 y destac\u00f3 las obras que se realizan actualmente en el distrito.<\/strong><\/span><\/h5>\n<div><\/div>\n<div>\n<div id=\"attachment_76799\" style=\"width: 300px\" class=\"wp-caption alignleft\"><a href=\"http:\/\/vinasfm.com\/noticias\/wp-content\/uploads\/2020\/09\/FB_IMG_1600048777350.jpg\"><img loading=\"lazy\" decoding=\"async\" aria-describedby=\"caption-attachment-76799\" class=\"wp-image-76799 size-medium\" src=\"http:\/\/vinasfm.com\/noticias\/wp-content\/uploads\/2020\/09\/FB_IMG_1600048777350-300x200.jpg\" alt=\"\" width=\"300\" height=\"200\" srcset=\"https:\/\/vinasfm.com\/noticias\/wp-content\/uploads\/2020\/09\/FB_IMG_1600048777350-300x200.jpg 300w, https:\/\/vinasfm.com\/noticias\/wp-content\/uploads\/2020\/09\/FB_IMG_1600048777350.jpg 720w\" sizes=\"auto, (max-width: 300px) 100vw, 300px\" \/><\/a><p id=\"caption-attachment-76799\" class=\"wp-caption-text\">Delegado Hern\u00e1n Climent.<\/p><\/div>\n<\/div>\n<div><span style=\"color: #000000;\">El delegado distrital <strong>Hern\u00e1n Climent<\/strong> dijo: \u201c<strong><em>Este 108\u00b0 aniversario es totalmente at\u00edpicos y extra\u00f1amos ver nuestras avenidas llenas de chicos, con los bowenses repartidos por todos lados, pero el contexto no lo permite, pero no por eso es menos importante\u201d expres\u00f3 antes de realizar un recorrido por la rica historia de este distrito, recordando la llegada del ferrocarril el 12 de Septiembre de 1912 y luego los distintos hitos que construyeron la identidad de Bowen, tan arraigada en sus vecinos\u00bb.<\/em><\/strong><\/span><\/div>\n<div><\/div>\n<div><span style=\"color: #000000;\">Por su parte, el <strong>intendente Walther Marcolini<\/strong> tambi\u00e9n dej\u00f3 su mensaje en este 108\u00b0 aniversario de Bowen: \u201c<strong><em>Este pueblo es el producto de las corrientes inmigratorias, de hombres y mujeres que apostaron a lo desconocido y creyeron en el crecimiento de estas tierras con la llegada del ferrocarril<\/em><\/strong>\u201d.<\/span><\/div>\n<div>\n<div id=\"attachment_76800\" style=\"width: 300px\" class=\"wp-caption alignright\"><a href=\"http:\/\/vinasfm.com\/noticias\/wp-content\/uploads\/2020\/09\/FB_IMG_1600048753917.jpg\"><img loading=\"lazy\" decoding=\"async\" aria-describedby=\"caption-attachment-76800\" class=\"wp-image-76800 size-medium\" src=\"http:\/\/vinasfm.com\/noticias\/wp-content\/uploads\/2020\/09\/FB_IMG_1600048753917-300x200.jpg\" alt=\"\" width=\"300\" height=\"200\" srcset=\"https:\/\/vinasfm.com\/noticias\/wp-content\/uploads\/2020\/09\/FB_IMG_1600048753917-300x200.jpg 300w, https:\/\/vinasfm.com\/noticias\/wp-content\/uploads\/2020\/09\/FB_IMG_1600048753917.jpg 720w\" sizes=\"auto, (max-width: 300px) 100vw, 300px\" \/><\/a><p id=\"caption-attachment-76800\" class=\"wp-caption-text\">Museo Municipal del Inmigrante.<\/p><\/div>\n<\/div>\n<div><\/div>\n<div><span style=\"color: #000000;\">En este contexto el mandatario municipal envi\u00f3 un f\u00e9rreo mensaje de <strong>defensa del R\u00edo Atuel y del agua<\/strong>, el recurso vital de nuestra tierra: \u201c<strong><em>Se debe administrar justicia con recursos escasos, con los r\u00edos de monta\u00f1a, con la idea b\u00e1sica de la justicia, no se puede concebir la recuperaci\u00f3n del Noroeste pampeano a costa de la destrucci\u00f3n de los productores de estas tierras, por eso enviamos un mensaje para que quede claro: defendemos el agua y el R\u00edo Atuel porque es la herramienta necesaria y fundamental para el crecimiento de este pueblo<\/em><\/strong>\u201d.<\/span><\/div>\n<div><\/div>\n<div><span style=\"color: #000000;\">Asimismo, record\u00f3 que <strong>se contin\u00faa trabajando en el Consorcio Uni\u00f3n &#8211; Pac\u00edfico para el regreso del ferrocarril<\/strong> y la reactivaci\u00f3n de la l\u00ednea desde Realic\u00f3 hasta General Alvear, con un ferrocarril de cargas con vinculaci\u00f3n con Monte Com\u00e1n: \u201c<strong><em>El Ministro Mario Isgr\u00f3 volver\u00e1 a plantearlo a Naci\u00f3n, ante el Ministro de Transporte de la Naci\u00f3n Mario Meoni, ya que necesitamos su aval, y este puede ser el momento propicio. Creo que el paso m\u00e1s grande que se ha dado en estos a\u00f1os tiene que ver con el contacto con las empresas chinas, esto nos llev\u00f3 a firmar convenios de financiamiento para la obra, hoy el escenario es mejor porque la Argentina pudo renegociar la deuda externa y el proyecto ejecutivo pudo ser presentado ante el Ministerio de Transporte, ese proyecto es la herramienta m\u00e1s preciada con la que contamos hoy por hoy<\/em><\/strong>\u201d, manifest\u00f3 el Jefe Comunal.<\/span><\/div>\n<div><a href=\"http:\/\/vinasfm.com\/noticias\/wp-content\/uploads\/2020\/09\/FB_IMG_1600048763615.jpg\"><img loading=\"lazy\" decoding=\"async\" class=\"size-medium wp-image-76801 aligncenter\" src=\"http:\/\/vinasfm.com\/noticias\/wp-content\/uploads\/2020\/09\/FB_IMG_1600048763615-300x159.jpg\" alt=\"\" width=\"300\" height=\"159\" srcset=\"https:\/\/vinasfm.com\/noticias\/wp-content\/uploads\/2020\/09\/FB_IMG_1600048763615-300x159.jpg 300w, https:\/\/vinasfm.com\/noticias\/wp-content\/uploads\/2020\/09\/FB_IMG_1600048763615.jpg 720w\" sizes=\"auto, (max-width: 300px) 100vw, 300px\" \/><\/a><\/div>\n<div><\/div>\n<div><span style=\"color: #000000;\">Sobre las obras que avanzan en el distrito del este, Marcolini subray\u00f3: \u00ab<strong><em>Hay que hacer hincapi\u00e9 que en el marco de este aniversario se est\u00e1n realizando distintas obras de asfaltado en el distrito, como la imprimaci\u00f3n de 120 metros de la Calle Andr\u00e9s Ponce, entre Avenida Sarmiento y Artaza, o la calle Artaza desde Rivadavia hasta Col\u00f3n (350 m). En el tramo se realiz\u00f3 imprimaci\u00f3n y arenado\u00bb.<\/em><\/strong><\/span><\/div>\n<div><\/div>\n<div><span style=\"color: #000000;\">En la misma linea destac\u00f3: \u201c<strong><em>Esta rotonda de los Inmigrantes era un pedido de los vecinos, y ahora podemos continuar con las obras de asfalto, siendo Bowen uno de los m\u00e1s beneficiados. Durante el mes de octubre se realizar\u00e1n las carpetas asf\u00e1lticas de estas calles que son m\u00e1s de 3000 metros, 30 cuadras de asfalto para el distrito, lo que es muy importante en este marco de pandemia. Es la obra p\u00fablica la que nos va a permitir recuperarnos porque est\u00e1 pensada en el compre local con mano de obra local, son estos conceptos, que cuando hay transparencia y honestidad hay calidad de vida para los vecinos porque se traduce en obras bien administradas<\/em><\/strong>\u201d.<\/span><\/div>\n<div><\/div>\n<div><span style=\"color: #000000;\">Adem\u00e1s, en este marco, envi\u00f3 un mensaje a los j\u00f3venes: \u201c<strong><em>Estoy convencido que el mundo que hoy nos toca vivir es totalmente diferente al de hace diez a\u00f1os atr\u00e1s, los j\u00f3venes son protagonistas y la capacidad de innovaci\u00f3n tiene que ser uno de los grandes pilares para el desarrollo de los pueblos, que puede ser Ciencia y Tecnolog\u00eda puestos a disposici\u00f3n del desarrollo de la agricultura o la ganader\u00eda pero incrementando el valor agregado, en ese sentido el talento que tienen nuestros j\u00f3venes es impresionante y hay que ayudarlos a que lo puedan desarrollar<\/em><\/strong>\u201d.<\/span><\/div>\n<div><\/div>\n<div><span style=\"color: #000000;\">Por \u00faltimo el Jefe Comunal pidi\u00f3 a todos los bowenses la colaboraci\u00f3n para salir de esta pandemia, lo que significa respetar los protocolos, de cuidarnos y tener solidaridad para cuidar al otro: \u201c<strong><em>A\u00fan no hay una vacuna, hay ensayos, no hay fecha cierta para que termine la pandemia por eso necesitamos cuidarnos y cumplir con todos los protocolos<\/em><\/strong>\u201d concluy\u00f3.<\/span><\/div>\n<h5><span style=\"color: #000000;\">\u2022F.B. (F.M. Vi\u00f1as).<\/span><\/h5>\n","protected":false},"excerpt":{"rendered":"<p>Desde la renovada rotonda del Inmigrante, y de manera online se desarroll\u00f3 el acto por los 108 a\u00f1os de Bowen, un &#8230;<\/p>\n","protected":false},"author":8,"featured_media":76798,"comment_status":"open","ping_status":"open","sticky":false,"template":"","format":"standard","meta":{"footnotes":""},"categories":[5,10],"tags":[],"class_list":["post-76797","post","type-post","status-publish","format-standard","has-post-thumbnail","hentry","category-actualidad","category-destacadas"],"_links":{"self":[{"href":"https:\/\/vinasfm.com\/noticias\/wp-json\/wp\/v2\/posts\/76797","targetHints":{"allow":["GET"]}}],"collection":[{"href":"https:\/\/vinasfm.com\/noticias\/wp-json\/wp\/v2\/posts"}],"about":[{"href":"https:\/\/vinasfm.com\/noticias\/wp-json\/wp\/v2\/types\/post"}],"author":[{"embeddable":true,"href":"https:\/\/vinasfm.com\/noticias\/wp-json\/wp\/v2\/users\/8"}],"replies":[{"embeddable":true,"href":"https:\/\/vinasfm.com\/noticias\/wp-json\/wp\/v2\/comments?post=76797"}],"version-history":[{"count":1,"href":"https:\/\/vinasfm.com\/noticias\/wp-json\/wp\/v2\/posts\/76797\/revisions"}],"predecessor-version":[{"id":76802,"href":"https:\/\/vinasfm.com\/noticias\/wp-json\/wp\/v2\/posts\/76797\/revisions\/76802"}],"wp:featuredmedia":[{"embeddable":true,"href":"https:\/\/vinasfm.com\/noticias\/wp-json\/wp\/v2\/media\/76798"}],"wp:attachment":[{"href":"https:\/\/vinasfm.com\/noticias\/wp-json\/wp\/v2\/media?parent=76797"}],"wp:term":[{"taxonomy":"category","embeddable":true,"href":"https:\/\/vinasfm.com\/noticias\/wp-json\/wp\/v2\/categories?post=76797"},{"taxonomy":"post_tag","embeddable":true,"href":"https:\/\/vinasfm.com\/noticias\/wp-json\/wp\/v2\/tags?post=76797"}],"curies":[{"name":"wp","href":"https:\/\/api.w.org\/{rel}","templated":true}]}}