{"id":76449,"date":"2020-09-09T08:28:33","date_gmt":"2020-09-09T11:28:33","guid":{"rendered":"http:\/\/vinasfm.com\/noticias\/?p=76449"},"modified":"2020-09-10T10:59:13","modified_gmt":"2020-09-10T13:59:13","slug":"la-camara-de-comercio-pide-no-restringir-las-actividades-ante-un-eventual-retorno-a-fase-i","status":"publish","type":"post","link":"https:\/\/vinasfm.com\/noticias\/la-camara-de-comercio-pide-no-restringir-las-actividades-ante-un-eventual-retorno-a-fase-i\/","title":{"rendered":"LA C\u00c1MARA DE COMERCIO PIDE NO RESTRINGIR LAS ACTIVIDADES ANTE UN EVENTUAL RETORNO A FASE I"},"content":{"rendered":"<h4><strong>Ante el aumento sostenido de casos positivos de Covid-19 en Mendoza y la posibilidad de que el Gobernador Rodolfo Suarez anuncie el retorno a la Fase I, la C\u00e1mara de Comercio de General Alvear emiti\u00f3 una carta al mandatario municipal.<\/strong><\/h4>\n<p>\u00ab<strong><em>Nos dirigimos a Usted con la finalidad de brindarle nuestro m\u00e1s s\u00f3lido apoyo en este dif\u00edcil momento que le toca vivir como Intendente y que nos toca atravesar como Ciudad. Le Sugerimos velar por que no se detengan las actividades econ\u00f3micas o las de libre esparcimiento por el bien de los ciudadanos de General Alvear<\/em><\/strong>\u00ab, comienza el comunicado.<\/p>\n<p>Teniendo en cuenta que un potencial regreso a la Fase mas estricta de la cuarentena afectar\u00eda directa e indirectamente a la actividad comercial, contin\u00faa: \u00ab<strong><em>Consideramos por el contrario la imperiosa necesidad de incentivar y estimular dichas actividades, evitando un letargo mayor de una econom\u00eda como nunca antes alica\u00edda y que lo \u00faltimo que necesita son medidas que empujen a\u00fan m\u00e1s a nuestras empresas a una situaci\u00f3n sin retorno, resultando en el cierre definitivo de nuestra fuente de trabajo, la de nuestros empleados y sus familias<\/em><\/strong>\u00ab.<\/p>\n<p>\u00ab<strong><em>El esfuerzo realizado por m\u00e1s de 180 d\u00edas ha sido abrumador, desgastante y con p\u00e9rdidas irreparables en todos los \u00e1mbitos. No podemos permitirnos que todo esto haya sido en vano. Le sugerimos poner foco en fuertes l\u00edmites y severidad en las penas para quienes infringen los protocolos sanitarios, aumento de testeos, apelar a la concientizaci\u00f3n social y tomar medidas sanitarias acordes a la realidad de las zonas e \u00edndices que se presenten en cada regi\u00f3n de la provincia<\/em><\/strong>\u00ab, reza otro de los p\u00e1rrafos del comunicado.<\/p>\n<p>\u00ab<strong><em>Apelando a su buen criterio en pos del bienestar de nuestra ciudad quedamos a su entera disposici\u00f3n y le saludamos atentamente<\/em><\/strong>\u00ab, culmina con las formalidades la nota.<\/p>\n<p>El presidente de la entidad, <strong>Andr\u00e9s Vavrik<\/strong>, se refiri\u00f3 al respecto en di\u00e1logo con <em><strong>F.M. Vi\u00f1as<\/strong><\/em>.<\/p>\n<audio class=\"wp-audio-shortcode\" id=\"audio-76449-1\" preload=\"none\" style=\"width: 100%;\" controls=\"controls\"><source type=\"audio\/mpeg\" src=\"http:\/\/vinasfm.com\/noticias\/wp-content\/uploads\/2020\/09\/Andres-Vavrik-Carta-al-Intendente.mp3?_=1\" \/><a href=\"http:\/\/vinasfm.com\/noticias\/wp-content\/uploads\/2020\/09\/Andres-Vavrik-Carta-al-Intendente.mp3\">http:\/\/vinasfm.com\/noticias\/wp-content\/uploads\/2020\/09\/Andres-Vavrik-Carta-al-Intendente.mp3<\/a><\/audio>\n<h5><\/h5>\n<h5>\u2022F.B. (F.M. Vi\u00f1as).<\/h5>\n","protected":false},"excerpt":{"rendered":"<p>Ante el aumento sostenido de casos positivos de Covid-19 en Mendoza y la posibilidad de que el Gobernador Rodolfo Suarez anuncie &#8230;<\/p>\n","protected":false},"author":8,"featured_media":44262,"comment_status":"open","ping_status":"open","sticky":false,"template":"","format":"standard","meta":{"footnotes":""},"categories":[5,32],"tags":[],"class_list":["post-76449","post","type-post","status-publish","format-standard","has-post-thumbnail","hentry","category-actualidad","category-camara-de-comercio"],"_links":{"self":[{"href":"https:\/\/vinasfm.com\/noticias\/wp-json\/wp\/v2\/posts\/76449","targetHints":{"allow":["GET"]}}],"collection":[{"href":"https:\/\/vinasfm.com\/noticias\/wp-json\/wp\/v2\/posts"}],"about":[{"href":"https:\/\/vinasfm.com\/noticias\/wp-json\/wp\/v2\/types\/post"}],"author":[{"embeddable":true,"href":"https:\/\/vinasfm.com\/noticias\/wp-json\/wp\/v2\/users\/8"}],"replies":[{"embeddable":true,"href":"https:\/\/vinasfm.com\/noticias\/wp-json\/wp\/v2\/comments?post=76449"}],"version-history":[{"count":2,"href":"https:\/\/vinasfm.com\/noticias\/wp-json\/wp\/v2\/posts\/76449\/revisions"}],"predecessor-version":[{"id":76503,"href":"https:\/\/vinasfm.com\/noticias\/wp-json\/wp\/v2\/posts\/76449\/revisions\/76503"}],"wp:featuredmedia":[{"embeddable":true,"href":"https:\/\/vinasfm.com\/noticias\/wp-json\/wp\/v2\/media\/44262"}],"wp:attachment":[{"href":"https:\/\/vinasfm.com\/noticias\/wp-json\/wp\/v2\/media?parent=76449"}],"wp:term":[{"taxonomy":"category","embeddable":true,"href":"https:\/\/vinasfm.com\/noticias\/wp-json\/wp\/v2\/categories?post=76449"},{"taxonomy":"post_tag","embeddable":true,"href":"https:\/\/vinasfm.com\/noticias\/wp-json\/wp\/v2\/tags?post=76449"}],"curies":[{"name":"wp","href":"https:\/\/api.w.org\/{rel}","templated":true}]}}