{"id":76286,"date":"2020-09-07T08:22:56","date_gmt":"2020-09-07T11:22:56","guid":{"rendered":"http:\/\/vinasfm.com\/noticias\/?p=76286"},"modified":"2020-09-08T12:26:56","modified_gmt":"2020-09-08T15:26:56","slug":"comienzo-de-semana-con-temperaturas-en-ascenso","status":"publish","type":"post","link":"https:\/\/vinasfm.com\/noticias\/comienzo-de-semana-con-temperaturas-en-ascenso\/","title":{"rendered":"COMIENZO DE SEMANA CON TEMPERATURAS EN ASCENSO"},"content":{"rendered":"<p><strong>El pron\u00f3stico del tiempo para este lunes en Mendoza indica \u201calgo nublado con ascenso de la temperatura y vientos leves del noreste\u201d, seg\u00fan el anticipo de la Direcci\u00f3n de Agricultura y Contingencias Clim\u00e1ticas. En tanto que se estima una m\u00e1xima de 20\u00ba.<\/strong><\/p>\n<p>Para este martes, se espera una jornada \u201cparcialmente nublada con ascenso de la temperatura, vientos moderados del noreste. E inestable en cordillera\u201d. La m\u00e1xima ser\u00e1 de 22\u00ba y la m\u00ednima de 7\u00ba.<\/p>\n<h5><strong><em>A.C.<\/em><\/strong><\/h5>\n","protected":false},"excerpt":{"rendered":"<p>El pron\u00f3stico del tiempo para este lunes en Mendoza indica \u201calgo nublado con ascenso de la temperatura y vientos leves del &#8230;<\/p>\n","protected":false},"author":7,"featured_media":55180,"comment_status":"open","ping_status":"open","sticky":false,"template":"","format":"standard","meta":{"footnotes":""},"categories":[36],"tags":[],"class_list":["post-76286","post","type-post","status-publish","format-standard","has-post-thumbnail","hentry","category-pronostico"],"_links":{"self":[{"href":"https:\/\/vinasfm.com\/noticias\/wp-json\/wp\/v2\/posts\/76286","targetHints":{"allow":["GET"]}}],"collection":[{"href":"https:\/\/vinasfm.com\/noticias\/wp-json\/wp\/v2\/posts"}],"about":[{"href":"https:\/\/vinasfm.com\/noticias\/wp-json\/wp\/v2\/types\/post"}],"author":[{"embeddable":true,"href":"https:\/\/vinasfm.com\/noticias\/wp-json\/wp\/v2\/users\/7"}],"replies":[{"embeddable":true,"href":"https:\/\/vinasfm.com\/noticias\/wp-json\/wp\/v2\/comments?post=76286"}],"version-history":[{"count":1,"href":"https:\/\/vinasfm.com\/noticias\/wp-json\/wp\/v2\/posts\/76286\/revisions"}],"predecessor-version":[{"id":76287,"href":"https:\/\/vinasfm.com\/noticias\/wp-json\/wp\/v2\/posts\/76286\/revisions\/76287"}],"wp:featuredmedia":[{"embeddable":true,"href":"https:\/\/vinasfm.com\/noticias\/wp-json\/wp\/v2\/media\/55180"}],"wp:attachment":[{"href":"https:\/\/vinasfm.com\/noticias\/wp-json\/wp\/v2\/media?parent=76286"}],"wp:term":[{"taxonomy":"category","embeddable":true,"href":"https:\/\/vinasfm.com\/noticias\/wp-json\/wp\/v2\/categories?post=76286"},{"taxonomy":"post_tag","embeddable":true,"href":"https:\/\/vinasfm.com\/noticias\/wp-json\/wp\/v2\/tags?post=76286"}],"curies":[{"name":"wp","href":"https:\/\/api.w.org\/{rel}","templated":true}]}}