{"id":76252,"date":"2020-09-07T22:30:23","date_gmt":"2020-09-08T01:30:23","guid":{"rendered":"http:\/\/vinasfm.com\/noticias\/?p=76252"},"modified":"2020-09-08T18:24:56","modified_gmt":"2020-09-08T21:24:56","slug":"por-posible-ajuste-de-cuentas-dos-hombres-golpearon-y-quemaron-a-otro-en-el-b-san-carlos","status":"publish","type":"post","link":"https:\/\/vinasfm.com\/noticias\/por-posible-ajuste-de-cuentas-dos-hombres-golpearon-y-quemaron-a-otro-en-el-b-san-carlos\/","title":{"rendered":"POR POSIBLE AJUSTE DE CUENTAS, DOS HOMBRES GOLPEARON Y QUEMARON A OTRO EN EL B\u00b0 SAN CARLOS"},"content":{"rendered":"<h4><strong>En horas de la tarde-noche de este s\u00e1bado, personal policial logr\u00f3 la aprehensi\u00f3n de una mujer y dos hombres, sindicados por agredir y prender fuego a un hombre en la v\u00eda p\u00fablica alrededor de las 17:30h del mismo d\u00eda.<\/strong><\/h4>\n<p>De acuerdo a la informaci\u00f3n oficial, un hombre de apellido <em>Liria<\/em> (<strong>43<\/strong>) <strong>circulaba a bordo de su motocicleta por calle Espa\u00f1a<\/strong> al 100 aproximadamente y alcanz\u00e1ndolo sobre otro rodado similar <strong>dos hombres exhibiendo un arma de fuego le exigieron detener la marcha<\/strong>.<\/p>\n<p>R\u00e1pidamente, <strong>los desconocidos lo amedrentaron y le propinaron m\u00faltiples golpes<\/strong> en distintas partes del cuerpo. Uno de los golpes fue en zona de la nuca, motivo por el que <strong>perdi\u00f3 el conocimiento por un corto lapso<\/strong>.<\/p>\n<p>Al recuperar la conciencia, y sin ninguno de los agresores a la vista, <strong>el damnificado constat\u00f3 que estaba envuelto en llamas<\/strong>. Gracias al pedido de auxilio, <strong>varios vecinos acudieron a socorrerlo tras mitigar el fuego que afect\u00f3 el 30% de su cuerpo<\/strong>.<\/p>\n<p>La v\u00edctima fue trasladada al <strong>Hospital Enfermeros Argentinos<\/strong> para su asistencia pero ante el delicado estado que presentaba lo derivaron al <strong>Hospital Teodoro Schestakow<\/strong> donde qued\u00f3 alojado en la <strong>Unidad de Terapia Intensiva<\/strong>.<\/p>\n<p>Alertados por lo sucedido, personal policial bajo directivas del Ayudante Fiscal procedi\u00f3 a realizar una<strong> medida de allanamiento<\/strong> en una vivienda de calle <strong>Arist\u00f3bulo del Valle<\/strong> que fue positiva logrando detener<strong> a una mujer de 48 a\u00f1os, que estaba incinerando el rodado de los agresores, <\/strong><strong>de 43 y 29 a\u00f1os, quienes tambi\u00e9n fueron capturados.<\/strong><\/p>\n<p>Los efectivos de la unidad investigativa llegaron al domicilio y no solo dieron con la due\u00f1a de casa, sino que consiguieron una primera confesi\u00f3n,\u00a0<b>la mujer reconoci\u00f3 que la moto que ard\u00eda intensamente era del hombre golpeado.<\/b><\/p>\n<p>A partir de ese instante la historia del robo qued\u00f3 de lado y entraron a tallar otras teor\u00edas a partir de los dichos de la mujer.\u00a0<b>Incluso habr\u00eda dicho que la abusaron, lo que encendi\u00f3 otra gran luz de alarma<\/b>. Sin embargo, luego aparecieron en escena otros argumentos, como por ejemplo un fuerte enga\u00f1o.<\/p>\n<p><b>Aparentemente el hombre enga\u00f1\u00f3 a la mujer con promesas que estar\u00edan lejos de poder llegar a cumplirse y la convenci\u00f3 para tener relaciones sexuales.<\/b>\u00a0El drama se suscit\u00f3 cuando la dama se dio cuenta, sinti\u00f3 que la hab\u00edan estafado, violado y luego con ayuda de dos conocidos tom\u00f3 represalias.<\/p>\n<p>El comisario <strong>Pedro Constanzo<\/strong>, titular de la Unidad Investigativa en el sur mendocino se limit\u00f3 a confirmar a <strong>Los Andes<\/strong> que <b>\u201cse procedi\u00f3 a la detenci\u00f3n de tres personas y el secuestro de elementos de inter\u00e9s para la causa\u201d<\/b>. Entre los elementos incautados estaba la ropa de la v\u00edctima.<\/p>\n<p>Mientras tanto la justicia avanza con la causa que est\u00e1 calificada como lesiones graves, pero habr\u00e1 que tener en cuenta que sucede con la investigaci\u00f3n y tambi\u00e9n la evoluci\u00f3n del estado de salud del paciente. La causa la tiene la fiscal de Instrucci\u00f3n de Alvear, Ivana Verd\u00fan.<\/p>\n<h5>\u2022<em>F.B.\u00a0<\/em><\/h5>\n","protected":false},"excerpt":{"rendered":"<p>En horas de la tarde-noche de este s\u00e1bado, personal policial logr\u00f3 la aprehensi\u00f3n de una mujer y dos hombres, sindicados por &#8230;<\/p>\n","protected":false},"author":8,"featured_media":32880,"comment_status":"open","ping_status":"open","sticky":false,"template":"","format":"standard","meta":{"footnotes":""},"categories":[5,4],"tags":[],"class_list":["post-76252","post","type-post","status-publish","format-standard","has-post-thumbnail","hentry","category-actualidad","category-policiales"],"_links":{"self":[{"href":"https:\/\/vinasfm.com\/noticias\/wp-json\/wp\/v2\/posts\/76252","targetHints":{"allow":["GET"]}}],"collection":[{"href":"https:\/\/vinasfm.com\/noticias\/wp-json\/wp\/v2\/posts"}],"about":[{"href":"https:\/\/vinasfm.com\/noticias\/wp-json\/wp\/v2\/types\/post"}],"author":[{"embeddable":true,"href":"https:\/\/vinasfm.com\/noticias\/wp-json\/wp\/v2\/users\/8"}],"replies":[{"embeddable":true,"href":"https:\/\/vinasfm.com\/noticias\/wp-json\/wp\/v2\/comments?post=76252"}],"version-history":[{"count":1,"href":"https:\/\/vinasfm.com\/noticias\/wp-json\/wp\/v2\/posts\/76252\/revisions"}],"predecessor-version":[{"id":76335,"href":"https:\/\/vinasfm.com\/noticias\/wp-json\/wp\/v2\/posts\/76252\/revisions\/76335"}],"wp:featuredmedia":[{"embeddable":true,"href":"https:\/\/vinasfm.com\/noticias\/wp-json\/wp\/v2\/media\/32880"}],"wp:attachment":[{"href":"https:\/\/vinasfm.com\/noticias\/wp-json\/wp\/v2\/media?parent=76252"}],"wp:term":[{"taxonomy":"category","embeddable":true,"href":"https:\/\/vinasfm.com\/noticias\/wp-json\/wp\/v2\/categories?post=76252"},{"taxonomy":"post_tag","embeddable":true,"href":"https:\/\/vinasfm.com\/noticias\/wp-json\/wp\/v2\/tags?post=76252"}],"curies":[{"name":"wp","href":"https:\/\/api.w.org\/{rel}","templated":true}]}}