{"id":76228,"date":"2020-09-05T10:52:27","date_gmt":"2020-09-05T13:52:27","guid":{"rendered":"http:\/\/vinasfm.com\/noticias\/?p=76228"},"modified":"2020-09-08T12:25:15","modified_gmt":"2020-09-08T15:25:15","slug":"do-acorde-presentara-oficialmente-su-nuevo-disco-renacimiento","status":"publish","type":"post","link":"https:\/\/vinasfm.com\/noticias\/do-acorde-presentara-oficialmente-su-nuevo-disco-renacimiento\/","title":{"rendered":"DO ACORDE PRESENTAR\u00c1 OFICIALMENTE SU NUEVO DISCO &#8216;RENACIMIENTO&#8217;"},"content":{"rendered":"<h4><strong>Desde la banda alvearense Do Acorde, anunciaron que la presentaci\u00f3n de su nuevo disco &#8216;<a href=\"http:\/\/vinasfm.com\/noticias\/do-acorde-inmortaliza-su-musica-lanzando-el-disco-renacimiento\/\">Renacimiento<\/a>&#8216; ser\u00e1 el pr\u00f3ximo viernes 11 de septiembre en las instalaciones de la escuela de m\u00fasica &#8216;La Vuela&#8217;, ubicada en calle 26 de Julio 225.<\/strong><\/h4>\n<blockquote><p><strong>La cita est\u00e1 programada a las 15h y se extender\u00e1 hasta las 18h, bajo la modalidad de conferencia de prensa.<\/strong><\/p><\/blockquote>\n<p><a href=\"http:\/\/vinasfm.com\/noticias\/wp-content\/uploads\/2020\/09\/doacorde1-1.jpg\"><img loading=\"lazy\" decoding=\"async\" class=\" wp-image-76232 aligncenter\" src=\"http:\/\/vinasfm.com\/noticias\/wp-content\/uploads\/2020\/09\/doacorde1-1-300x150.jpg\" alt=\"\" width=\"592\" height=\"296\" srcset=\"https:\/\/vinasfm.com\/noticias\/wp-content\/uploads\/2020\/09\/doacorde1-1-300x150.jpg 300w, https:\/\/vinasfm.com\/noticias\/wp-content\/uploads\/2020\/09\/doacorde1-1-768x384.jpg 768w, https:\/\/vinasfm.com\/noticias\/wp-content\/uploads\/2020\/09\/doacorde1-1.jpg 800w\" sizes=\"auto, (max-width: 592px) 100vw, 592px\" \/><\/a><\/p>\n<p>Do Acorde cuenta con dos Discos: \u201c<strong><em>Somos Parte del Tiempo<\/em><\/strong>\u201d (2018) y El a\u00f1o 2020 los encuentra con mayor madurez y evoluci\u00f3n musical dando la llegada al segundo disco oficial \u201c<strong><em>Renacimiento<\/em><\/strong>\u201d.<\/p>\n<p>Ambos grabados, mezclados y masterizados en el <strong>Estudio Fader Record<\/strong> de la Ciudad de Mendoza. Estos trabajos discogr\u00e1ficos fueron realizados en producci\u00f3n art\u00edstica y general por Billy Alvarez (300 producciones), con la colaboraci\u00f3n especial en Producci\u00f3n Art\u00edstica de Yoyo Sevilla. La Producci\u00f3n ejecutiva fue llevada a cabo por <strong>Do Acorde<\/strong> y<strong> Billy Alvarez<\/strong>.<\/p>\n<p><strong>Escucha el disco por todas las plataformas digitales:<\/strong><\/p>\n<p><a href=\"https:\/\/bit.ly\/RenacimientoDoAcorde\">https:\/\/bit.ly\/RenacimientoDoAcorde<\/a><\/p>\n<h4 style=\"text-align: center;\"><strong>Ficha t\u00e9cnica\u00a0 \u201cRenacimiento\u201d<\/strong><\/h4>\n<ul>\n<li><strong>Voz y Coros: Nicol\u00e1s Bello<\/strong><\/li>\n<li><strong>Bater\u00eda Ac\u00fastica, Bater\u00eda El\u00e9ctrica y Percusi\u00f3n: Juan Agust\u00edn Mendy<\/strong><\/li>\n<li><strong>Bajo El\u00e9ctrico, Bajo Ac\u00fastico fretless\u00a0 y Coros: Jona Navia<\/strong><\/li>\n<li><strong>Piano Ac\u00fastico, Sintetizadores y Coros: Facundo \u201cCara\u201d Ortiz Iboldi<\/strong><\/li>\n<li><strong>Guitarra El\u00e9ctrica, Electroac\u00fastica y Coros: Alexis Flores<\/strong><\/li>\n<li><strong>Guitarra El\u00e9ctrica, Electroac\u00fastica, Piano Ac\u00fastico en tema \u201c8\u201d y Coros: Junior Yllanes.<\/strong><\/li>\n<\/ul>\n<p><strong>Grabado, Editado, Mezclado y Masterizado en Fader Record (Ciudad Mza\/Arg.)<\/strong><\/p>\n<ul>\n<li>Grabaci\u00f3n y Edici\u00f3n: Lucca Beguerie Petrich<\/li>\n<li>Mezcla y Mastering: Fede Lopez<\/li>\n<li>Drum Doctor: Bruno Potenzone<\/li>\n<li>Coach Vocal: Coca Carbone<\/li>\n<li>Guitartech: Yoyo Sevilla<\/li>\n<li>Backline: Loggia Backline<\/li>\n<li>Marketing y Prensa: Rodrigo Nanio<\/li>\n<li>Fotos y Backstage: Andy Dubrowsky, Victoria Vi\u00f1olo y Mauro Rodriguez<\/li>\n<li>Dise\u00f1o Gr\u00e1fico: Lucas P\u00e9rez<\/li>\n<li>Producci\u00f3n General y Art\u00edstica: Billy \u00c1lvarez<\/li>\n<li>Colaboraci\u00f3n en Producci\u00f3n Art\u00edstica: Yoyo Sevilla<\/li>\n<li>Producci\u00f3n Ejecutiva: Do Acorde y Billy \u00c1lvarez<\/li>\n<\/ul>\n<p><strong><u>M\u00fasicos invitados:<\/u><\/strong><\/p>\n<ul>\n<li>Voz en track \u201c5\u201d Ricardo Mollo<\/li>\n<li>Voz en track \u201c6\u201d Sebasti\u00e1n Andersen<\/li>\n<li>Voz en track \u201c8\u201d Mariela Contreras<\/li>\n<li>Bandone\u00f3n en track \u201c4\u201d Fabrizio Colombo<\/li>\n<li>Programaci\u00f3n Gaita en track \u201c3\u201d y Acorde\u00f3n en tema \u201c5\u201d\u00a0 Juan Emilio Cucchiarelli<\/li>\n<li>Guitarra Espa\u00f1ola en tema \u201c5\u201d Joaqu\u00edn GuevaraEbow en tema \u201c6\u201d y Ambientaciones en tema \u201c8\u201d Yoyo Sevilla<\/li>\n<\/ul>\n<p><iframe loading=\"lazy\" title=\"Psicosis - Do Acorde\" width=\"1140\" height=\"641\" src=\"https:\/\/www.youtube.com\/embed\/7hU-3dULI7U?feature=oembed\" frameborder=\"0\" allow=\"accelerometer; autoplay; encrypted-media; gyroscope; picture-in-picture\" allowfullscreen><\/iframe><\/p>\n<h5>\u2022F.B. (F.M. Vi\u00f1as).<\/h5>\n","protected":false},"excerpt":{"rendered":"<p>Desde la banda alvearense Do Acorde, anunciaron que la presentaci\u00f3n de su nuevo disco &#8216;Renacimiento&#8216; ser\u00e1 el pr\u00f3ximo viernes 11 de &#8230;<\/p>\n","protected":false},"author":8,"featured_media":76231,"comment_status":"open","ping_status":"open","sticky":false,"template":"","format":"standard","meta":{"footnotes":""},"categories":[5,19],"tags":[],"class_list":["post-76228","post","type-post","status-publish","format-standard","has-post-thumbnail","hentry","category-actualidad","category-cultura"],"_links":{"self":[{"href":"https:\/\/vinasfm.com\/noticias\/wp-json\/wp\/v2\/posts\/76228","targetHints":{"allow":["GET"]}}],"collection":[{"href":"https:\/\/vinasfm.com\/noticias\/wp-json\/wp\/v2\/posts"}],"about":[{"href":"https:\/\/vinasfm.com\/noticias\/wp-json\/wp\/v2\/types\/post"}],"author":[{"embeddable":true,"href":"https:\/\/vinasfm.com\/noticias\/wp-json\/wp\/v2\/users\/8"}],"replies":[{"embeddable":true,"href":"https:\/\/vinasfm.com\/noticias\/wp-json\/wp\/v2\/comments?post=76228"}],"version-history":[{"count":1,"href":"https:\/\/vinasfm.com\/noticias\/wp-json\/wp\/v2\/posts\/76228\/revisions"}],"predecessor-version":[{"id":76233,"href":"https:\/\/vinasfm.com\/noticias\/wp-json\/wp\/v2\/posts\/76228\/revisions\/76233"}],"wp:featuredmedia":[{"embeddable":true,"href":"https:\/\/vinasfm.com\/noticias\/wp-json\/wp\/v2\/media\/76231"}],"wp:attachment":[{"href":"https:\/\/vinasfm.com\/noticias\/wp-json\/wp\/v2\/media?parent=76228"}],"wp:term":[{"taxonomy":"category","embeddable":true,"href":"https:\/\/vinasfm.com\/noticias\/wp-json\/wp\/v2\/categories?post=76228"},{"taxonomy":"post_tag","embeddable":true,"href":"https:\/\/vinasfm.com\/noticias\/wp-json\/wp\/v2\/tags?post=76228"}],"curies":[{"name":"wp","href":"https:\/\/api.w.org\/{rel}","templated":true}]}}