{"id":76139,"date":"2020-09-04T05:58:00","date_gmt":"2020-09-04T08:58:00","guid":{"rendered":"http:\/\/vinasfm.com\/noticias\/?p=76139"},"modified":"2020-09-04T11:51:51","modified_gmt":"2020-09-04T14:51:51","slug":"mendoza-supero-los-9-mil-casos-positivos-de-covid-19","status":"publish","type":"post","link":"https:\/\/vinasfm.com\/noticias\/mendoza-supero-los-9-mil-casos-positivos-de-covid-19\/","title":{"rendered":"MENDOZA SUPER\u00d3 LOS 9 MIL CASOS POSITIVOS DE COVID-19"},"content":{"rendered":"<h4><strong>Este jueves por la noche el\u00a0Ministerio de Salud\u00a0confirm\u00f3\u00a0580 casos de\u00a0coronavirus\u00a0en\u00a0Mendoza.<\/strong><\/h4>\n<p><strong>El detalle de los nuevos infectados:<\/strong><\/p>\n<p>La Red de Laboratorios inform\u00f3 que entre las \u00faltimas horas de ayer y la jornada de hoy se procesaron 1.155 determinaciones:<\/p>\n<ul>\n<li><strong>618 fueron negativas.<\/strong><\/li>\n<li><strong>Se registraron por PCR 537 nuevos casos positivos.<\/strong><\/li>\n<li><strong>Casos confirmados por nexo cl\u00ednico epidemiol\u00f3gico: 43.<\/strong><\/li>\n<\/ul>\n<p><strong>Positivos por PCR:<\/strong><\/p>\n<ul>\n<li>Con nexo por contacto estrecho con positivos de COVID-19: 234 pacientes. Todos con nexos familiares y contactos estrechos que presentaron s\u00edntomas y el equipo de Salud sali\u00f3 a hisopar.<\/li>\n<li>Operativos Barrios: 8 pacientes.<\/li>\n<li>En investigaci\u00f3n: 295 pacientes.<\/li>\n<\/ul>\n<p>Por otro lado, Salud notific\u00f3\u00a0el\u00a0<strong>fallecimiento de 5 pacientes con coronavirus<\/strong>\u00a0en las \u00faltimas 48 horas:<\/p>\n<ul>\n<li>Hombre de 50 a\u00f1os internado en el Hospital Lagomaggiore. El paciente contaba con obesidad.<\/li>\n<li>Hombre de 76 a\u00f1os internado en el Sanatorio Valle de UCO. El paciente contaba con varias comorbilidades.<\/li>\n<li>Hombre de 79 a\u00f1os internado en el Instituto M\u00e9dico Tunuy\u00e1n. El paciente contaba con varias comorbilidades.<\/li>\n<li>Hombre de 48 a\u00f1os internado en el Hospital El Carmen. El paciente contaba con obesidad.<\/li>\n<li>Mujer de 74 a\u00f1os internada en la Cl\u00ednica Santa Clara. La paciente contaba con varias comorbilidades.<\/li>\n<\/ul>\n<p>A su vez, la cartera sanitaria notific\u00f3\u00a0la\u00a0<strong>recuperaci\u00f3n de 292 pacientes por la pandemia.<\/strong><\/p>\n<p>De esta forma,\u00a0<strong>Mendoza cuenta con 9.140 casos positivos confirmados<\/strong>. Son 61 casos importados \u2013gente que ha llegado de otros pa\u00edses\u2013, 6.969 por contacto estrecho con alguien que vino de otro pa\u00eds o dio positivo de COVID-19, 177 por casos confirmados por nexo cl\u00ednico epidemiol\u00f3gico y 1.933 en investigaci\u00f3n epidemiol\u00f3gica.<\/p>\n<p>Tambi\u00e9n, la provincia tiene\u00a0<strong>3.398 personas recuperadas y 140 fallecimientos por COVID-19<\/strong>.<\/p>\n","protected":false},"excerpt":{"rendered":"<p>Este jueves por la noche el\u00a0Ministerio de Salud\u00a0confirm\u00f3\u00a0580 casos de\u00a0coronavirus\u00a0en\u00a0Mendoza. El detalle de los nuevos infectados: La Red de Laboratorios inform\u00f3 &#8230;<\/p>\n","protected":false},"author":8,"featured_media":76141,"comment_status":"open","ping_status":"open","sticky":false,"template":"","format":"standard","meta":{"footnotes":""},"categories":[5,62],"tags":[],"class_list":["post-76139","post","type-post","status-publish","format-standard","has-post-thumbnail","hentry","category-actualidad","category-coronavirus"],"_links":{"self":[{"href":"https:\/\/vinasfm.com\/noticias\/wp-json\/wp\/v2\/posts\/76139","targetHints":{"allow":["GET"]}}],"collection":[{"href":"https:\/\/vinasfm.com\/noticias\/wp-json\/wp\/v2\/posts"}],"about":[{"href":"https:\/\/vinasfm.com\/noticias\/wp-json\/wp\/v2\/types\/post"}],"author":[{"embeddable":true,"href":"https:\/\/vinasfm.com\/noticias\/wp-json\/wp\/v2\/users\/8"}],"replies":[{"embeddable":true,"href":"https:\/\/vinasfm.com\/noticias\/wp-json\/wp\/v2\/comments?post=76139"}],"version-history":[{"count":1,"href":"https:\/\/vinasfm.com\/noticias\/wp-json\/wp\/v2\/posts\/76139\/revisions"}],"predecessor-version":[{"id":76142,"href":"https:\/\/vinasfm.com\/noticias\/wp-json\/wp\/v2\/posts\/76139\/revisions\/76142"}],"wp:featuredmedia":[{"embeddable":true,"href":"https:\/\/vinasfm.com\/noticias\/wp-json\/wp\/v2\/media\/76141"}],"wp:attachment":[{"href":"https:\/\/vinasfm.com\/noticias\/wp-json\/wp\/v2\/media?parent=76139"}],"wp:term":[{"taxonomy":"category","embeddable":true,"href":"https:\/\/vinasfm.com\/noticias\/wp-json\/wp\/v2\/categories?post=76139"},{"taxonomy":"post_tag","embeddable":true,"href":"https:\/\/vinasfm.com\/noticias\/wp-json\/wp\/v2\/tags?post=76139"}],"curies":[{"name":"wp","href":"https:\/\/api.w.org\/{rel}","templated":true}]}}