{"id":76087,"date":"2020-09-03T05:23:31","date_gmt":"2020-09-03T08:23:31","guid":{"rendered":"http:\/\/vinasfm.com\/noticias\/?p=76087"},"modified":"2020-09-04T08:37:00","modified_gmt":"2020-09-04T11:37:00","slug":"leo-vinolo-dio-detalles-sobre-el-proyecto-para-la-creacion-del-instituto-provincial-de-oncologia","status":"publish","type":"post","link":"https:\/\/vinasfm.com\/noticias\/leo-vinolo-dio-detalles-sobre-el-proyecto-para-la-creacion-del-instituto-provincial-de-oncologia\/","title":{"rendered":"LEO VI\u00d1OLO DIO DETALLES SOBRE EL PROYECTO PARA LA CREACI\u00d3N DEL INSTITUTO PROVINCIAL DE ONCOLOG\u00cdA"},"content":{"rendered":"<h4>E<strong>l Senado avanza en la creaci\u00f3n del Instituto Provincial de Oncolog\u00eda de Mendoza (IPROM), cuya funci\u00f3n ser\u00e1 de rector\u00eda, planificaci\u00f3n de las acciones de promoci\u00f3n y prevenci\u00f3n, investigaci\u00f3n, normatizaci\u00f3n del diagn\u00f3stico, los tratamientos, la rehabilitaci\u00f3n, y de la habilitaci\u00f3n y control de los establecimientos con competencias en la materia y la evaluaci\u00f3n del conjunto de los resultados. El proyecto ingres\u00f3 a la Legislatura el pasado 26 de noviembre, a trav\u00e9s de la Comisi\u00f3n de Salud. \u00a0<\/strong><\/h4>\n<p>En dialogo con F.M. Vi\u00f1as el Senador alvearense Leonardo Vi\u00f1olo se\u00f1al\u00f3, \u201chemos estado haciendo aportes y escuchando a los padres que tienen a sus hijos en tratamientos oncol\u00f3gicos\u201d.<\/p>\n<p>Las familias de departamentos lejanos al gran Mendoza, adem\u00e1s del problema que tienen con esta enfermedad, deben enfrentar grandes gastos al alquilar un departamento para poder realizar el tratamiento.<\/p>\n<p>\u201cVa a tener un fondo presupuestario del presupuesto provincial y un porcentaje de lo recaudado por el Instituto de Juegos y Casinos, adem\u00e1s de donaciones\u201d, explic\u00f3 Vi\u00f1olo en referencia a la financiaci\u00f3n.<\/p>\n<p>\u201cBuscamos poder darles una estructura que s\u00ed lo tiene presente el Ministerio de Salud, pero no tiene el \u00e1rea espec\u00edfica con un patolog\u00eda con una cantidad de casos importantes y tratamientos largos y caros\u201d.<\/p>\n<p>El instituto tambi\u00e9n se encomendar\u00eda de que las obras sociales cumplan en tiempo y forma con el tratamiento.<\/p>\n<h5><strong><em>A.C.<\/em><\/strong><\/h5>\n","protected":false},"excerpt":{"rendered":"<p>El Senado avanza en la creaci\u00f3n del Instituto Provincial de Oncolog\u00eda de Mendoza (IPROM), cuya funci\u00f3n ser\u00e1 de rector\u00eda, planificaci\u00f3n de &#8230;<\/p>\n","protected":false},"author":7,"featured_media":66219,"comment_status":"open","ping_status":"open","sticky":false,"template":"","format":"standard","meta":{"footnotes":""},"categories":[5,15],"tags":[],"class_list":["post-76087","post","type-post","status-publish","format-standard","has-post-thumbnail","hentry","category-actualidad","category-salud"],"_links":{"self":[{"href":"https:\/\/vinasfm.com\/noticias\/wp-json\/wp\/v2\/posts\/76087","targetHints":{"allow":["GET"]}}],"collection":[{"href":"https:\/\/vinasfm.com\/noticias\/wp-json\/wp\/v2\/posts"}],"about":[{"href":"https:\/\/vinasfm.com\/noticias\/wp-json\/wp\/v2\/types\/post"}],"author":[{"embeddable":true,"href":"https:\/\/vinasfm.com\/noticias\/wp-json\/wp\/v2\/users\/7"}],"replies":[{"embeddable":true,"href":"https:\/\/vinasfm.com\/noticias\/wp-json\/wp\/v2\/comments?post=76087"}],"version-history":[{"count":1,"href":"https:\/\/vinasfm.com\/noticias\/wp-json\/wp\/v2\/posts\/76087\/revisions"}],"predecessor-version":[{"id":76090,"href":"https:\/\/vinasfm.com\/noticias\/wp-json\/wp\/v2\/posts\/76087\/revisions\/76090"}],"wp:featuredmedia":[{"embeddable":true,"href":"https:\/\/vinasfm.com\/noticias\/wp-json\/wp\/v2\/media\/66219"}],"wp:attachment":[{"href":"https:\/\/vinasfm.com\/noticias\/wp-json\/wp\/v2\/media?parent=76087"}],"wp:term":[{"taxonomy":"category","embeddable":true,"href":"https:\/\/vinasfm.com\/noticias\/wp-json\/wp\/v2\/categories?post=76087"},{"taxonomy":"post_tag","embeddable":true,"href":"https:\/\/vinasfm.com\/noticias\/wp-json\/wp\/v2\/tags?post=76087"}],"curies":[{"name":"wp","href":"https:\/\/api.w.org\/{rel}","templated":true}]}}