{"id":76042,"date":"2020-09-03T20:00:04","date_gmt":"2020-09-03T23:00:04","guid":{"rendered":"http:\/\/vinasfm.com\/noticias\/?p=76042"},"modified":"2020-09-04T11:48:05","modified_gmt":"2020-09-04T14:48:05","slug":"motociclista-impacto-contra-una-camioneta-policial-en-diagonal-pellegrini-y-europa","status":"publish","type":"post","link":"https:\/\/vinasfm.com\/noticias\/motociclista-impacto-contra-una-camioneta-policial-en-diagonal-pellegrini-y-europa\/","title":{"rendered":"MOTOCICLISTA IMPACT\u00d3 CONTRA UNA CAMIONETA POLICIAL EN DIAGONAL PELLEGRINI Y EUROPA"},"content":{"rendered":"<h4><strong>Durante la tarde de este mi\u00e9rcoles, un accidente de tr\u00e1nsito leve se produjo entre una movilidad policial y una moto en la intersecci\u00f3n de Diagonal Carlos Pellegrini y Europa-Albox.<\/strong><\/h4>\n<p>Fue alrededor de las <strong>15:30h<\/strong> cuando una <strong>Zanella ZR250 impact\u00f3 contra la unidad 3024 de Comisar\u00eda 14\u00b0,<\/strong> al mando del auxiliar Sosa.<\/p>\n<p>La <strong>Ford Ranger<\/strong> transitaba hacia este por <strong>Diagonal Pellegrini<\/strong> y al girar hacia calle <strong>Europa<\/strong> fue <strong>colisionada en la puerta del conductor por el rodado menor<\/strong>, que circulaba en el mismo sentido conducida por un hombre de apellido <em>Montes<\/em>.<\/p>\n<p>Solo <strong>se constataron da\u00f1os materiales<\/strong> m\u00ednimos en la motocicleta y ambos intervinientes <strong>resultaron ilesos<\/strong>.<\/p>\n<p>Al acudir personal policial constataron que <em>Montes<\/em> <strong>no pose\u00eda en su registro categor\u00eda habilitante para conducir ese tipo de movilidades<\/strong>, raz\u00f3n por la que <strong>se le labr\u00f3 el acta vial correspondiente<\/strong>.<\/p>\n<p>Las actuaciones quedaron asentadas en la Seccional local a disposici\u00f3n de la <strong>Unidad Fiscal de Gral. Alvear<\/strong>.<\/p>\n<h5><em>\u2022F.B. (F.M. Vi\u00f1as).<\/em><\/h5>\n","protected":false},"excerpt":{"rendered":"<p>Durante la tarde de este mi\u00e9rcoles, un accidente de tr\u00e1nsito leve se produjo entre una movilidad policial y una moto en &#8230;<\/p>\n","protected":false},"author":8,"featured_media":76043,"comment_status":"open","ping_status":"open","sticky":false,"template":"","format":"standard","meta":{"footnotes":""},"categories":[5,4],"tags":[],"class_list":["post-76042","post","type-post","status-publish","format-standard","has-post-thumbnail","hentry","category-actualidad","category-policiales"],"_links":{"self":[{"href":"https:\/\/vinasfm.com\/noticias\/wp-json\/wp\/v2\/posts\/76042","targetHints":{"allow":["GET"]}}],"collection":[{"href":"https:\/\/vinasfm.com\/noticias\/wp-json\/wp\/v2\/posts"}],"about":[{"href":"https:\/\/vinasfm.com\/noticias\/wp-json\/wp\/v2\/types\/post"}],"author":[{"embeddable":true,"href":"https:\/\/vinasfm.com\/noticias\/wp-json\/wp\/v2\/users\/8"}],"replies":[{"embeddable":true,"href":"https:\/\/vinasfm.com\/noticias\/wp-json\/wp\/v2\/comments?post=76042"}],"version-history":[{"count":1,"href":"https:\/\/vinasfm.com\/noticias\/wp-json\/wp\/v2\/posts\/76042\/revisions"}],"predecessor-version":[{"id":76045,"href":"https:\/\/vinasfm.com\/noticias\/wp-json\/wp\/v2\/posts\/76042\/revisions\/76045"}],"wp:featuredmedia":[{"embeddable":true,"href":"https:\/\/vinasfm.com\/noticias\/wp-json\/wp\/v2\/media\/76043"}],"wp:attachment":[{"href":"https:\/\/vinasfm.com\/noticias\/wp-json\/wp\/v2\/media?parent=76042"}],"wp:term":[{"taxonomy":"category","embeddable":true,"href":"https:\/\/vinasfm.com\/noticias\/wp-json\/wp\/v2\/categories?post=76042"},{"taxonomy":"post_tag","embeddable":true,"href":"https:\/\/vinasfm.com\/noticias\/wp-json\/wp\/v2\/tags?post=76042"}],"curies":[{"name":"wp","href":"https:\/\/api.w.org\/{rel}","templated":true}]}}