{"id":76033,"date":"2020-09-03T17:59:31","date_gmt":"2020-09-03T20:59:31","guid":{"rendered":"http:\/\/vinasfm.com\/noticias\/?p=76033"},"modified":"2020-09-04T11:47:51","modified_gmt":"2020-09-04T14:47:51","slug":"marcolini-anuncio-la-apertura-de-puntos-de-esparcimiento-y-detalles-de-como-se-administra-la-pandemia-en-alvear","status":"publish","type":"post","link":"https:\/\/vinasfm.com\/noticias\/marcolini-anuncio-la-apertura-de-puntos-de-esparcimiento-y-detalles-de-como-se-administra-la-pandemia-en-alvear\/","title":{"rendered":"MARCOLINI ANUNCI\u00d3 LA APERTURA DE PUNTOS DE ESPARCIMIENTO Y DETALLES DE C\u00d3MO SE &#8216;ADMINISTRA&#8217; LA PANDEMIA EN ALVEAR"},"content":{"rendered":"<h4><strong>Luego de los anuncios que emiti\u00f3 el Gobernador Rodolfo Suarez sobre las medidas que regir\u00e1n en la provincia hasta el 22 de septiembre, en la ma\u00f1ana de este mi\u00e9rcoles el Intendente Walther Marcolini brind\u00f3 una conferencia de prensa en la que reflej\u00f3 la situaci\u00f3n del departamento frente a la pandemia y anunci\u00f3 la apertura de puntos de esparcimiento, bajo estricto protocolo.<\/strong><\/h4>\n<p>\u00ab<em><b>Las medidas anunciadas ayer alcanzan a los departamentos del Gran Mendoza y no as\u00ed a los del sur. No obstante, hab\u00edamos tomado algunas medidas con el fin de no perjudicar algunos sectores preservando\u00a0el nivel de actividad <\/b><\/em><b><i>econ\u00f3mica<\/i><\/b>\u00ab, destac\u00f3 el Jefe Comunal quien subray\u00f3 que \u00ab<strong><em>no hay ninguna restricci\u00f3n nueva en Alvear<\/em><\/strong>\u00ab.<\/p>\n<p>En la misma l\u00ednea, el mandatario municipal pronunci\u00f3 firmemente: \u00ab<strong><em>Sabemos que hay muchos que no est\u00e1n ayudando en absoluto con un nivel may\u00fasculo de irresponsabilidad haciendo lo que se les antoja y por eso pedimos que respeten las medidas por el bienestar de toda la comunidad<\/em><\/strong>\u00ab.<\/p>\n<p>En caso de que la situaci\u00f3n empeore y se registren m\u00e1s casos \u00ab<strong><em>nos veremos obligados a volver a fase 1, situaci\u00f3n que no queremos porque se ver\u00edan afectados todos los sectores de la sociedad<\/em><\/strong>\u00ab, sentenci\u00f3.<\/p>\n<p>En otro orden, Marcolini asever\u00f3 que se est\u00e1 avanzando en el establecimiento de un <strong>laboratorio para hacer los test de PCR<\/strong> en Alvear \u00ab<em><b>se capacitar\u00e1 a personal medico y se har\u00e1 de forma conjunta con Coprosamen que cuenta con un termociclador realtime. La comuna comprar\u00e1 un gabinete de seguridad biol\u00f3gica para Ugaccop. Todo esto lo estamos realizando para que los resultados se obtengan de forma r\u00e1pida y poder actuar en consecuencia\u00bb.<\/b><\/em><\/p>\n<p>A partir de que empiezan a haber pacientes recuperados de Covid es importante concientizar sobre la donaci\u00f3n de plasma: \u00ab<strong><em>Por ello el nosocomio local realiz\u00f3 los tr\u00e1mites correspondientes y ha sido autorizado para la donaci\u00f3n y recepci\u00f3n de plasma, adem\u00e1s se realizar\u00e1 en conjunto con el Municipio el traslado de pacientes a la ciudad de Mendoza para que se les extraiga plasma para donar, si es que as\u00ed lo desean<\/em><\/strong>\u00ab, sum\u00f3.<\/p>\n<p>Marcolini expres\u00f3 que \u00ab<strong><em>en General Alvear la situaci\u00f3n relacionada a los pacientes positivos est\u00e1n a una fase controlada de contenci\u00f3n. Esto no implica que haya que relajarse en cuanto a cumplir con los protocolos por eso insto a los vecinos que debemos seguir cuid\u00e1ndonos<\/em><\/strong>\u00ab.<\/p>\n<p>El intendente asegur\u00f3 que, previo an\u00e1lisis, se ha decidido: \u00ab<em><b>Abrir desde este 1 de septiembre la Laguna El Trapal para que la gente pueda ir bajo protocolo y la Bodega Fara\u00f3n. Desde el 1 de octubre, los fines de semana, se dar\u00e1 la apertura de Costanera Alvear. Todo esto en concepto de esparcimiento\u00a0solamente<\/b><\/em>\u00ab.<\/p>\n<h5><em>\u2022F.B. (F.M. Vi\u00f1as).<\/em><\/h5>\n","protected":false},"excerpt":{"rendered":"<p>Luego de los anuncios que emiti\u00f3 el Gobernador Rodolfo Suarez sobre las medidas que regir\u00e1n en la provincia hasta el 22 &#8230;<\/p>\n","protected":false},"author":8,"featured_media":76034,"comment_status":"open","ping_status":"open","sticky":false,"template":"","format":"standard","meta":{"footnotes":""},"categories":[5,72],"tags":[],"class_list":["post-76033","post","type-post","status-publish","format-standard","has-post-thumbnail","hentry","category-actualidad","category-cuarentena"],"_links":{"self":[{"href":"https:\/\/vinasfm.com\/noticias\/wp-json\/wp\/v2\/posts\/76033","targetHints":{"allow":["GET"]}}],"collection":[{"href":"https:\/\/vinasfm.com\/noticias\/wp-json\/wp\/v2\/posts"}],"about":[{"href":"https:\/\/vinasfm.com\/noticias\/wp-json\/wp\/v2\/types\/post"}],"author":[{"embeddable":true,"href":"https:\/\/vinasfm.com\/noticias\/wp-json\/wp\/v2\/users\/8"}],"replies":[{"embeddable":true,"href":"https:\/\/vinasfm.com\/noticias\/wp-json\/wp\/v2\/comments?post=76033"}],"version-history":[{"count":1,"href":"https:\/\/vinasfm.com\/noticias\/wp-json\/wp\/v2\/posts\/76033\/revisions"}],"predecessor-version":[{"id":76046,"href":"https:\/\/vinasfm.com\/noticias\/wp-json\/wp\/v2\/posts\/76033\/revisions\/76046"}],"wp:featuredmedia":[{"embeddable":true,"href":"https:\/\/vinasfm.com\/noticias\/wp-json\/wp\/v2\/media\/76034"}],"wp:attachment":[{"href":"https:\/\/vinasfm.com\/noticias\/wp-json\/wp\/v2\/media?parent=76033"}],"wp:term":[{"taxonomy":"category","embeddable":true,"href":"https:\/\/vinasfm.com\/noticias\/wp-json\/wp\/v2\/categories?post=76033"},{"taxonomy":"post_tag","embeddable":true,"href":"https:\/\/vinasfm.com\/noticias\/wp-json\/wp\/v2\/tags?post=76033"}],"curies":[{"name":"wp","href":"https:\/\/api.w.org\/{rel}","templated":true}]}}