{"id":76014,"date":"2020-09-02T09:50:20","date_gmt":"2020-09-02T12:50:20","guid":{"rendered":"http:\/\/vinasfm.com\/noticias\/?p=76014"},"modified":"2020-09-03T10:25:28","modified_gmt":"2020-09-03T13:25:28","slug":"gustavo-villegas-anticipo-una-temporada-de-riego-mas-halaguena","status":"publish","type":"post","link":"https:\/\/vinasfm.com\/noticias\/gustavo-villegas-anticipo-una-temporada-de-riego-mas-halaguena\/","title":{"rendered":"GUSTAVO VILLEGAS ANTICIP\u00d3 UNA TEMPORADA DE RIEGO MAS HALAG\u00dcE\u00d1A"},"content":{"rendered":"<h4><strong>Ante el comienzo de una nueva temporada de riego, F.M. Vi\u00f1as dialog\u00f3 con Gustavo Villegas, Consejero del R\u00edo Atuel sobre la actualidad de Irrigaci\u00f3n, obras y perspectivas para este ciclo.<\/strong><\/h4>\n<p>El plan de obras fue amplio durante este a\u00f1o en la cuenca del Atuel. Por tercer a\u00f1o consecutivo fue la mayor beneficiada de la provincia, seg\u00fan se\u00f1al\u00f3 Gustavo Villegas Consejero del R\u00edo Atuel en dialogo con F.M. Vi\u00f1as.<\/p>\n<p>La mayor partes de las obras fueron en el Atuel Inferior, \u201c<em>hay una sola pendiente, en la denominada hijuela de Las Uruguayas\u201d,<\/em> por la que riega un peque\u00f1o sector de Bowen y que comenzar\u00eda a regar este jueves 3. Por otra parte el pasado viernes comenz\u00f3 a correr el agua por una obra ubicada sobre calle Centenario en la Inspecci\u00f3n Moss Los \u00c1ngeles.<\/p>\n<div id=\"attachment_58173\" style=\"width: 300px\" class=\"wp-caption alignleft\"><a href=\"http:\/\/vinasfm.com\/noticias\/wp-content\/uploads\/2019\/09\/GUSTAVO-VILLEGAS.jpeg\"><img loading=\"lazy\" decoding=\"async\" aria-describedby=\"caption-attachment-58173\" class=\"size-medium wp-image-58173\" src=\"http:\/\/vinasfm.com\/noticias\/wp-content\/uploads\/2019\/09\/GUSTAVO-VILLEGAS-300x225.jpeg\" alt=\"\" width=\"300\" height=\"225\" srcset=\"https:\/\/vinasfm.com\/noticias\/wp-content\/uploads\/2019\/09\/GUSTAVO-VILLEGAS-300x225.jpeg 300w, https:\/\/vinasfm.com\/noticias\/wp-content\/uploads\/2019\/09\/GUSTAVO-VILLEGAS-768x576.jpeg 768w, https:\/\/vinasfm.com\/noticias\/wp-content\/uploads\/2019\/09\/GUSTAVO-VILLEGAS-1024x768.jpeg 1024w, https:\/\/vinasfm.com\/noticias\/wp-content\/uploads\/2019\/09\/GUSTAVO-VILLEGAS.jpeg 1040w\" sizes=\"auto, (max-width: 300px) 100vw, 300px\" \/><\/a><p id=\"caption-attachment-58173\" class=\"wp-caption-text\">Gustavo Villegas &#8211; Consejero del R\u00edo Atuel.<\/p><\/div>\n<p>El resto de las obras fue concluidas previo al comienzo de la temporada de riego, revestimientos en Real del Padre, compuertas y compartos reparados en Carmensa, \u201cl<em>as obras ya est\u00e1n listas y dando sus frutos\u201d.<\/em><\/p>\n<p>Respecto al turnado, Villegas explic\u00f3 que el esquema de turnado lo determina cada inspecci\u00f3n, en acuerdo con el DGI. \u201c<em>Recordemos que el agua con el que estamos regando ahora es la acumulada en la temporada anterior\u201d,<\/em> se\u00f1al\u00f3. Es muy probable que se realice el seccionado, antes de que se ingrese el agua de deshielo de esta temporada a fines de noviembre.<\/p>\n<p><em>\u201cEl papel de los inspectores es fundamental, son los que quedan de acuerdo con sus jueces de hijuela, seg\u00fan los requerimientos de los productores\u201d<\/em>.<\/p>\n<p>El programa de hect\u00e1reas S\u00cd es el segundo a\u00f1o que se aplica en el Atuel y consiste en repartir el agua en las que \u201c<em>o bien haber hecho un plan de tierras incultas para pagar deuda, o los que est\u00e9n al d\u00eda, con un m\u00e1ximo de 3 cuotas previas por pagar\u201d<\/em>. El productor en emergencia abona el 50% de la cuota, mientras que el que est\u00e1 desastre el 0%, hasta agosto de 2.021.<\/p>\n<p><strong>Sobre Mendoza Activa, explic\u00f3 que las 3 l\u00edneas de financiamiento relacionadas con el agro, del porcentaje que se devuelve en cr\u00e9dito fiscal, puede ser utilizado pagar el canon de riego.<\/strong><\/p>\n<h5><strong><em>A.C.<\/em><\/strong><\/h5>\n","protected":false},"excerpt":{"rendered":"<p>Ante el comienzo de una nueva temporada de riego, F.M. Vi\u00f1as dialog\u00f3 con Gustavo Villegas, Consejero del R\u00edo Atuel sobre la &#8230;<\/p>\n","protected":false},"author":7,"featured_media":8573,"comment_status":"open","ping_status":"open","sticky":false,"template":"","format":"standard","meta":{"footnotes":""},"categories":[5,37],"tags":[],"class_list":["post-76014","post","type-post","status-publish","format-standard","has-post-thumbnail","hentry","category-actualidad","category-irrigacion"],"_links":{"self":[{"href":"https:\/\/vinasfm.com\/noticias\/wp-json\/wp\/v2\/posts\/76014","targetHints":{"allow":["GET"]}}],"collection":[{"href":"https:\/\/vinasfm.com\/noticias\/wp-json\/wp\/v2\/posts"}],"about":[{"href":"https:\/\/vinasfm.com\/noticias\/wp-json\/wp\/v2\/types\/post"}],"author":[{"embeddable":true,"href":"https:\/\/vinasfm.com\/noticias\/wp-json\/wp\/v2\/users\/7"}],"replies":[{"embeddable":true,"href":"https:\/\/vinasfm.com\/noticias\/wp-json\/wp\/v2\/comments?post=76014"}],"version-history":[{"count":1,"href":"https:\/\/vinasfm.com\/noticias\/wp-json\/wp\/v2\/posts\/76014\/revisions"}],"predecessor-version":[{"id":76015,"href":"https:\/\/vinasfm.com\/noticias\/wp-json\/wp\/v2\/posts\/76014\/revisions\/76015"}],"wp:featuredmedia":[{"embeddable":true,"href":"https:\/\/vinasfm.com\/noticias\/wp-json\/wp\/v2\/media\/8573"}],"wp:attachment":[{"href":"https:\/\/vinasfm.com\/noticias\/wp-json\/wp\/v2\/media?parent=76014"}],"wp:term":[{"taxonomy":"category","embeddable":true,"href":"https:\/\/vinasfm.com\/noticias\/wp-json\/wp\/v2\/categories?post=76014"},{"taxonomy":"post_tag","embeddable":true,"href":"https:\/\/vinasfm.com\/noticias\/wp-json\/wp\/v2\/tags?post=76014"}],"curies":[{"name":"wp","href":"https:\/\/api.w.org\/{rel}","templated":true}]}}