{"id":75924,"date":"2020-09-01T07:52:20","date_gmt":"2020-09-01T10:52:20","guid":{"rendered":"http:\/\/vinasfm.com\/noticias\/?p=75924"},"modified":"2020-09-02T12:23:43","modified_gmt":"2020-09-02T15:23:43","slug":"bowen-avanza-la-remodelacion-de-la-rotonda-y-otros-puntos-claves","status":"publish","type":"post","link":"https:\/\/vinasfm.com\/noticias\/bowen-avanza-la-remodelacion-de-la-rotonda-y-otros-puntos-claves\/","title":{"rendered":"BOWEN: AVANZA LA REMODELACI\u00d3N DE LA ROTONDA Y OTROS PUNTOS CLAVES"},"content":{"rendered":"<h4><strong>Avanzan las obras de remodelaci\u00f3n y modernizaci\u00f3n de la c\u00e9lebre rotonda de Bowen, ubicada en Av. Sarmiento y Rivadavia,<\/strong> un punto que dentro de muy poco podr\u00e1 ser apreciado por sus vecinos. En dialogo con<em> F.M.<\/em> <em>Vi\u00f1as,<\/em> el <strong>Delegado Hern\u00e1n Climent<\/strong> se refiri\u00f3 al respecto.<\/h4>\n<div id=\"attachment_75969\" style=\"width: 300px\" class=\"wp-caption alignleft\"><a href=\"http:\/\/vinasfm.com\/noticias\/wp-content\/uploads\/2020\/09\/222cd7ad-8152-4fcd-ad3d-771a9dec346e.jpg\"><img loading=\"lazy\" decoding=\"async\" aria-describedby=\"caption-attachment-75969\" class=\"size-medium wp-image-75969\" src=\"http:\/\/vinasfm.com\/noticias\/wp-content\/uploads\/2020\/09\/222cd7ad-8152-4fcd-ad3d-771a9dec346e-300x169.jpg\" alt=\"\" width=\"300\" height=\"169\" srcset=\"https:\/\/vinasfm.com\/noticias\/wp-content\/uploads\/2020\/09\/222cd7ad-8152-4fcd-ad3d-771a9dec346e-300x169.jpg 300w, https:\/\/vinasfm.com\/noticias\/wp-content\/uploads\/2020\/09\/222cd7ad-8152-4fcd-ad3d-771a9dec346e-1024x576.jpg 1024w, https:\/\/vinasfm.com\/noticias\/wp-content\/uploads\/2020\/09\/222cd7ad-8152-4fcd-ad3d-771a9dec346e-768x432.jpg 768w, https:\/\/vinasfm.com\/noticias\/wp-content\/uploads\/2020\/09\/222cd7ad-8152-4fcd-ad3d-771a9dec346e-750x420.jpg 750w, https:\/\/vinasfm.com\/noticias\/wp-content\/uploads\/2020\/09\/222cd7ad-8152-4fcd-ad3d-771a9dec346e-1140x641.jpg 1140w, https:\/\/vinasfm.com\/noticias\/wp-content\/uploads\/2020\/09\/222cd7ad-8152-4fcd-ad3d-771a9dec346e.jpg 1280w\" sizes=\"auto, (max-width: 300px) 100vw, 300px\" \/><\/a><p id=\"caption-attachment-75969\" class=\"wp-caption-text\">Cartel #BOWEN.<\/p><\/div>\n<p>\u00ab<strong><em>Se ha avanzado con esta y otras obras en el marco de una situaci\u00f3n dif\u00edcil donde se ha visto ajustado el presupuesto para la obra p\u00fablica<\/em><\/strong>\u00ab, asegur\u00f3 el Delegado.<\/p>\n<p>En profundidad explic\u00f3 que la intervenci\u00f3n incluye la \u00ab<strong><em>remodelaci\u00f3n de la rotonda, la Estaci\u00f3n del Ferrocarril, reacondicionando veredas, plataformas y arreglos necesarios adem\u00e1s de la pintura y ornamentaci\u00f3n en ese punto. Ha<\/em><\/strong>\u00a0<strong><em>sido hecha en parte por un empresa con gente de Bowen y la pintura con empleados municipales\u00bb.<\/em><\/strong><\/p>\n<p>Al ser consultado por el <strong>Museo del Inmigrante<\/strong>, Climent sostuvo que \u00ab<strong><em>se est\u00e1 terminando la vereda y el paso entre la Estaci\u00f3n y una construcci\u00f3n que ser\u00e1n sanitarios a futuro acompl\u00e1ndose al puesto de Mujeres del Agro. En los pr\u00f3ximos d\u00edas se trabajar\u00e1 en ese mercado que ya se empez\u00f3 a reacondicionar con instalaciones nuevas, cambio de techos, veredines, bancos y luminarias<\/em><\/strong>\u00ab.<\/p>\n<p>En otro orden, Climent resalt\u00f3 que se continuar\u00e1 con el asfaltado de arterias y calles del distrito como Artaza: \u00ab<strong><em>El 7 de septiembre se abrir\u00e1n los sobres de licitaci\u00f3n y se comenzar\u00e1 con la obra que se extender\u00e1 hasta calle Rivadavia<\/em><\/strong>\u00ab.<\/p>\n<h5><em>\u2022F.B. (F.M. Vi\u00f1as).<\/em><\/h5>\n","protected":false},"excerpt":{"rendered":"<p>Avanzan las obras de remodelaci\u00f3n y modernizaci\u00f3n de la c\u00e9lebre rotonda de Bowen, ubicada en Av. Sarmiento y Rivadavia, un punto &#8230;<\/p>\n","protected":false},"author":8,"featured_media":75935,"comment_status":"open","ping_status":"open","sticky":false,"template":"","format":"standard","meta":{"footnotes":""},"categories":[1],"tags":[],"class_list":["post-75924","post","type-post","status-publish","format-standard","has-post-thumbnail","hentry","category-fmvinas"],"_links":{"self":[{"href":"https:\/\/vinasfm.com\/noticias\/wp-json\/wp\/v2\/posts\/75924","targetHints":{"allow":["GET"]}}],"collection":[{"href":"https:\/\/vinasfm.com\/noticias\/wp-json\/wp\/v2\/posts"}],"about":[{"href":"https:\/\/vinasfm.com\/noticias\/wp-json\/wp\/v2\/types\/post"}],"author":[{"embeddable":true,"href":"https:\/\/vinasfm.com\/noticias\/wp-json\/wp\/v2\/users\/8"}],"replies":[{"embeddable":true,"href":"https:\/\/vinasfm.com\/noticias\/wp-json\/wp\/v2\/comments?post=75924"}],"version-history":[{"count":2,"href":"https:\/\/vinasfm.com\/noticias\/wp-json\/wp\/v2\/posts\/75924\/revisions"}],"predecessor-version":[{"id":75970,"href":"https:\/\/vinasfm.com\/noticias\/wp-json\/wp\/v2\/posts\/75924\/revisions\/75970"}],"wp:featuredmedia":[{"embeddable":true,"href":"https:\/\/vinasfm.com\/noticias\/wp-json\/wp\/v2\/media\/75935"}],"wp:attachment":[{"href":"https:\/\/vinasfm.com\/noticias\/wp-json\/wp\/v2\/media?parent=75924"}],"wp:term":[{"taxonomy":"category","embeddable":true,"href":"https:\/\/vinasfm.com\/noticias\/wp-json\/wp\/v2\/categories?post=75924"},{"taxonomy":"post_tag","embeddable":true,"href":"https:\/\/vinasfm.com\/noticias\/wp-json\/wp\/v2\/tags?post=75924"}],"curies":[{"name":"wp","href":"https:\/\/api.w.org\/{rel}","templated":true}]}}