{"id":75849,"date":"2020-09-17T09:45:12","date_gmt":"2020-09-17T12:45:12","guid":{"rendered":"http:\/\/vinasfm.com\/noticias\/?p=75849"},"modified":"2020-09-17T10:16:20","modified_gmt":"2020-09-17T13:16:20","slug":"como-se-descartan-los-residuos-domiciliarios-de-pacientes-con-covid-19","status":"publish","type":"post","link":"https:\/\/vinasfm.com\/noticias\/como-se-descartan-los-residuos-domiciliarios-de-pacientes-con-covid-19\/","title":{"rendered":"C\u00d3MO SE DESCARTAN LOS RESIDUOS DOMICILIARIOS DE PACIENTES CON COVID-19"},"content":{"rendered":"<h4><strong>A medida que aumentan los casos de Covid-19, crece la necesidad de saber qu\u00e9 ocurre con los residuos de los pacientes que cursan la enfermedad en sus casas, qu\u00e9 tratamiento se le da a los desechos y c\u00f3mo deben sacarlos a la calle de manera segura.<\/strong><\/h4>\n<p>En la ma\u00f1ana de este lunes, el <strong>Jefe de Recursos Humanos<\/strong> de la Municipalidad <strong>Oscar Olivera<\/strong> brind\u00f3 detalles sobre la <strong>recolecci\u00f3n diferenciada de residuos<\/strong> en los hogares de pacientes activos con Covid-19. Cabe destacar que la mayor\u00eda de los casos activos en nuestro departamento transitan la enfermedad en sus hogares.<\/p>\n<p>\u00ab<strong><em>Estamos trabajando con la recolecci\u00f3n diferenciada desde el primer d\u00eda que Alvear comenz\u00f3 a registrar casos de Coronavirus<\/em><\/strong>\u00ab, asever\u00f3 el funcionario y en la misma l\u00ednea subray\u00f3 que \u00ab<strong><em>de forma permanente hay contactos con los vecinos que est\u00e1n aislados en sus viviendas para que saque los residuos momentos previos de que pase el veh\u00edculo<\/em><\/strong>\u00ab.<\/p>\n<p>Al ser consultado sobre c\u00f3mo se desarrolla este operativo, <strong>Olivera<\/strong> detall\u00f3: \u00ab<strong><em>Los residuos se recogen de 9 a 12h con un veh\u00edculo especialmente destinado para esta recolecci\u00f3n. Los operarios est\u00e1n equipados con indumentaria especial\u00a0 para evitar el contacto directo con las bolsas\u00bb.<\/em><\/strong><\/p>\n<p>Los vecinos con Covid-19 deben sacar la bolsa bajo ciertas condiciones: \u00ab<strong><em>la bolsa debe estar llena en un 70%, perfectamente cerrada, desinfectada y rotulada<\/em><\/strong>\u00ab, sostuvo y culmin\u00f3 asegurando que tienen un tratamiento especial en la reducci\u00f3n de los mismos.<\/p>\n<h5><em>\u2022Fernando Burett (F.M Vi\u00f1as).<\/em><\/h5>\n","protected":false},"excerpt":{"rendered":"<p>A medida que aumentan los casos de Covid-19, crece la necesidad de saber qu\u00e9 ocurre con los residuos de los pacientes &#8230;<\/p>\n","protected":false},"author":8,"featured_media":75906,"comment_status":"open","ping_status":"open","sticky":false,"template":"","format":"standard","meta":{"footnotes":""},"categories":[5,10],"tags":[],"class_list":["post-75849","post","type-post","status-publish","format-standard","has-post-thumbnail","hentry","category-actualidad","category-destacadas"],"_links":{"self":[{"href":"https:\/\/vinasfm.com\/noticias\/wp-json\/wp\/v2\/posts\/75849","targetHints":{"allow":["GET"]}}],"collection":[{"href":"https:\/\/vinasfm.com\/noticias\/wp-json\/wp\/v2\/posts"}],"about":[{"href":"https:\/\/vinasfm.com\/noticias\/wp-json\/wp\/v2\/types\/post"}],"author":[{"embeddable":true,"href":"https:\/\/vinasfm.com\/noticias\/wp-json\/wp\/v2\/users\/8"}],"replies":[{"embeddable":true,"href":"https:\/\/vinasfm.com\/noticias\/wp-json\/wp\/v2\/comments?post=75849"}],"version-history":[{"count":2,"href":"https:\/\/vinasfm.com\/noticias\/wp-json\/wp\/v2\/posts\/75849\/revisions"}],"predecessor-version":[{"id":75908,"href":"https:\/\/vinasfm.com\/noticias\/wp-json\/wp\/v2\/posts\/75849\/revisions\/75908"}],"wp:featuredmedia":[{"embeddable":true,"href":"https:\/\/vinasfm.com\/noticias\/wp-json\/wp\/v2\/media\/75906"}],"wp:attachment":[{"href":"https:\/\/vinasfm.com\/noticias\/wp-json\/wp\/v2\/media?parent=75849"}],"wp:term":[{"taxonomy":"category","embeddable":true,"href":"https:\/\/vinasfm.com\/noticias\/wp-json\/wp\/v2\/categories?post=75849"},{"taxonomy":"post_tag","embeddable":true,"href":"https:\/\/vinasfm.com\/noticias\/wp-json\/wp\/v2\/tags?post=75849"}],"curies":[{"name":"wp","href":"https:\/\/api.w.org\/{rel}","templated":true}]}}