{"id":75754,"date":"2020-08-31T00:03:31","date_gmt":"2020-08-31T03:03:31","guid":{"rendered":"http:\/\/vinasfm.com\/noticias\/?p=75754"},"modified":"2020-08-31T20:02:19","modified_gmt":"2020-08-31T23:02:19","slug":"pami-alvear-fagetti-dio-detalles-sobre-el-congelamiento-de-precios-de-panales-y-apositos","status":"publish","type":"post","link":"https:\/\/vinasfm.com\/noticias\/pami-alvear-fagetti-dio-detalles-sobre-el-congelamiento-de-precios-de-panales-y-apositos\/","title":{"rendered":"PAMI ALVEAR: FAGETTI DIO DETALLES SOBRE EL CONGELAMIENTO DE PRECIOS DE PA\u00d1ALES Y AP\u00d3SITOS"},"content":{"rendered":"<h4><strong>El Programa de Atenci\u00f3n M\u00e9dica Integral\u00a0confirm\u00f3 que\u00a0se congelar\u00e1 el precio de los pa\u00f1ales y ap\u00f3sitos durante un plazo de tres meses. Esta medida forma parte del acuerdo entre las c\u00e1maras farmac\u00e9uticas que ya oficializ\u00f3 la misma iniciativa para los medicamentos. Con la pr\u00f3rroga de este convenio, PAMI cumple con el compromiso de garantizar los elementos absorbentes descartables.<\/strong><\/h4>\n<p>En di\u00e1logo con <strong><em>F.M. Vi\u00f1as<\/em><\/strong>, el titular de PAMI Alvear, <strong>Dr. Javier Fagetti<\/strong>, explic\u00f3: \u00ab<strong><em>Se firm\u00f3 un convenio con las farmac\u00e9uticas y pa\u00f1aleras mejorando el preexistente con el fin de tener previsibilidad hasta fin de a\u00f1o garantizando que no haya faltante de pa\u00f1ales y ap\u00f3sito<\/em><em>s<\/em><\/strong>\u00ab, y en la misma l\u00ednea subray\u00f3 que en Alvear alrededor de <strong>300 afiliados se ver\u00e1n beneficiados<\/strong>.<\/p>\n<p>Esta medida impacta en un ahorro importante en las compras peri\u00f3dicas ya que el organismo deb\u00eda recurrir a la compra de pa\u00f1ales al mercado generando <strong>un gasto de $3500 mensuales<\/strong> por afiliado: \u00ab<strong><em>Al no estar vigente el convenio a nivel nacional ten\u00edamos que ir comprando no permitiendo tener previsibilidad. En todo el pa\u00eds, PAMI dispensa por mes 14 millones de pa\u00f1ales por eso era necesario solucionar este tema<\/em><\/strong>\u00ab, manifest\u00f3 Fagetti.<\/p>\n<p>Al ser consultado sobre la tramitolog\u00eda que significa para el afiliado el acceso final a pa\u00f1ales o ap\u00f3sitos, el titular de la entidad asever\u00f3: <strong><em>\u00abA<\/em><em>\u00a0partir de ahora, el beneficiario debe ir directamente a la farmacia con la receta del m\u00e9dico simplificando el tr\u00e1mite<\/em><\/strong>\u00ab.<\/p>\n<p>Ante cualquier reclamo sobre posibles asimetr\u00edas que se presenten, sostuvo que \u00ab<strong><em>la agencia de PAMI est\u00e1 a disposici\u00f3n cuando hay dudas o reclamos porque es el \u00fanico lugar donde podemos darle una soluci\u00f3n y adem\u00e1s est\u00e1 a disposici\u00f3n el n\u00famero de whatsapp que es 2625 &#8211; 466826<\/em><\/strong>\u00ab.<\/p>\n<p><a href=\"http:\/\/vinasfm.com\/noticias\/wp-content\/uploads\/2020\/08\/4cef2ce9-a689-43af-9872-6149a7431342-e1598705846994.jpg\"><img loading=\"lazy\" decoding=\"async\" class=\" wp-image-75760 aligncenter\" src=\"http:\/\/vinasfm.com\/noticias\/wp-content\/uploads\/2020\/08\/4cef2ce9-a689-43af-9872-6149a7431342-e1598705846994-300x144.jpg\" alt=\"\" width=\"438\" height=\"210\" srcset=\"https:\/\/vinasfm.com\/noticias\/wp-content\/uploads\/2020\/08\/4cef2ce9-a689-43af-9872-6149a7431342-e1598705846994-300x144.jpg 300w, https:\/\/vinasfm.com\/noticias\/wp-content\/uploads\/2020\/08\/4cef2ce9-a689-43af-9872-6149a7431342-e1598705846994-768x369.jpg 768w, https:\/\/vinasfm.com\/noticias\/wp-content\/uploads\/2020\/08\/4cef2ce9-a689-43af-9872-6149a7431342-e1598705846994.jpg 844w\" sizes=\"auto, (max-width: 438px) 100vw, 438px\" \/><\/a><\/p>\n<p>Finalmente desde la <strong>Agencia PAMI local<\/strong> recuerdan que se puede gestionar la <strong>credencial online<\/strong>, que sirve para acceder a todos los beneficios de la obra social. Se puede obtener sin salir de casa ingresando los datos personales y descargarla desde la p\u00e1gina <a href=\"https:\/\/www.pami.org.ar\/credencial-provisoria?fbclid=IwAR3r2IFR0tuZA6NGs0JFyVuBSc2FBtTODiL2K9qJkZGn1lC4nXh4I5E062M\" data-ft=\"{&quot;tn&quot;:&quot;-U&quot;}\" data-lynx-mode=\"async\" data-lynx-uri=\"https:\/\/l.facebook.com\/l.php?u=https%3A%2F%2Fwww.pami.org.ar%2Fcredencial-provisoria%3Ffbclid%3DIwAR3r2IFR0tuZA6NGs0JFyVuBSc2FBtTODiL2K9qJkZGn1lC4nXh4I5E062M&amp;h=AT1Or-oqNsug47hqyCxpvH7n2PKT3ebC_8qSZ3MaL4Eiws2JWOSbG8k50eoKu4g_og1GE-uGio3z5-fEZHV2QYpLj1MwC3PM-cOh4TLnsNKoVQI2RRW5ZhiUnh_EhIJAA7-_Erg6U-Vx8mgKBmWbmDNG4tlmXMYylEkhWffxdqzPWuZ5M9NZVDtuG2DPtFHXDeKdjMGgbP2V9f6H9adS_FAzQGgFmH3q1NtBXmYquoDjjbuASznoKL-7akJKGNf23wFxYe9xOuOjZ-deDsmCbtrzuF9kovr9yN-ngpFxopcBc3_6F_N-_vq-zq8zb9pgKOnYRJJwSzf5OVCsvkXugu3O6lK_sMo7sHAs1o0Hhzhy9PSY3Yhv-7hh5BinGobgTXN9l4wmd50mhChNiuLTtANbAk_l3rG7L33UJggcgXSkZicbLgNtfgF03HaJ54pqNW78gsxQf7U8aRV2Oxllxd9JFHvCEAOC4VHdUGXb-nX5vSmVOQJtB-edVZ9zR4LAEbM9Vm0-mEGPO6hB8PYTGMDxYifWtVCYlYpQfulZMMBAX96ezSjvU2SaROXgbKFzZ_8dwRRk2_-e3LSKRH3PrQrphq0kivVTqx-a6T1j_mJO_HuhJXNe74aMxhSfMg\">https:\/\/www.pami.org.ar\/credencial-provisoria<\/a><\/p>\n<h5><em>\u2022Fernando Burett (Redacci\u00f3n F.M. Vi\u00f1as).<\/em><\/h5>\n","protected":false},"excerpt":{"rendered":"<p>El Programa de Atenci\u00f3n M\u00e9dica Integral\u00a0confirm\u00f3 que\u00a0se congelar\u00e1 el precio de los pa\u00f1ales y ap\u00f3sitos durante un plazo de tres meses. &#8230;<\/p>\n","protected":false},"author":8,"featured_media":75761,"comment_status":"open","ping_status":"open","sticky":false,"template":"","format":"standard","meta":{"footnotes":""},"categories":[5,64],"tags":[],"class_list":["post-75754","post","type-post","status-publish","format-standard","has-post-thumbnail","hentry","category-actualidad","category-pami"],"_links":{"self":[{"href":"https:\/\/vinasfm.com\/noticias\/wp-json\/wp\/v2\/posts\/75754","targetHints":{"allow":["GET"]}}],"collection":[{"href":"https:\/\/vinasfm.com\/noticias\/wp-json\/wp\/v2\/posts"}],"about":[{"href":"https:\/\/vinasfm.com\/noticias\/wp-json\/wp\/v2\/types\/post"}],"author":[{"embeddable":true,"href":"https:\/\/vinasfm.com\/noticias\/wp-json\/wp\/v2\/users\/8"}],"replies":[{"embeddable":true,"href":"https:\/\/vinasfm.com\/noticias\/wp-json\/wp\/v2\/comments?post=75754"}],"version-history":[{"count":1,"href":"https:\/\/vinasfm.com\/noticias\/wp-json\/wp\/v2\/posts\/75754\/revisions"}],"predecessor-version":[{"id":75779,"href":"https:\/\/vinasfm.com\/noticias\/wp-json\/wp\/v2\/posts\/75754\/revisions\/75779"}],"wp:featuredmedia":[{"embeddable":true,"href":"https:\/\/vinasfm.com\/noticias\/wp-json\/wp\/v2\/media\/75761"}],"wp:attachment":[{"href":"https:\/\/vinasfm.com\/noticias\/wp-json\/wp\/v2\/media?parent=75754"}],"wp:term":[{"taxonomy":"category","embeddable":true,"href":"https:\/\/vinasfm.com\/noticias\/wp-json\/wp\/v2\/categories?post=75754"},{"taxonomy":"post_tag","embeddable":true,"href":"https:\/\/vinasfm.com\/noticias\/wp-json\/wp\/v2\/tags?post=75754"}],"curies":[{"name":"wp","href":"https:\/\/api.w.org\/{rel}","templated":true}]}}