{"id":75690,"date":"2020-08-28T09:18:30","date_gmt":"2020-08-28T12:18:30","guid":{"rendered":"http:\/\/vinasfm.com\/noticias\/?p=75690"},"modified":"2020-08-29T12:14:44","modified_gmt":"2020-08-29T15:14:44","slug":"rodolfo-suarez-hasta-que-no-baje-la-curva-de-contagios-las-reuniones-familiares-seguiran-suspendidas","status":"publish","type":"post","link":"https:\/\/vinasfm.com\/noticias\/rodolfo-suarez-hasta-que-no-baje-la-curva-de-contagios-las-reuniones-familiares-seguiran-suspendidas\/","title":{"rendered":"RODOLFO SUAREZ: \u00abHASTA QUE NO BAJE LA CURVA DE CONTAGIOS, LAS REUNIONES FAMILIARES SEGUIR\u00c1N SUSPENDIDAS\u00bb"},"content":{"rendered":"<h4>As\u00ed lo dijo el Gobernador durante una entrega de viviendas. Desde all\u00ed les pidi\u00f3 a los mendocinos \u201ccuidarse m\u00e1s que nunca\u201d y les record\u00f3 que \u201ccerrar la econom\u00eda significa que mucha gente pierde el sustento para poder vivir\u201d. De esta manera, el mandatario dej\u00f3 en claro que \u201cla \u00fanica manera de aplanar la curva de contagios es cuid\u00e1ndonos y respetando las medidas\u201d.<\/h4>\n<p>El Gobernador aprovecho la ocasi\u00f3n para recordar que hay que mantener el distanciamiento y usar el barbijo. \u00abLa situaci\u00f3n es compleja, es cr\u00edtica en algunos hospitales. Hay que cuidarse m\u00e1s que nunca\u201d.<\/p>\n<p>\u201cYo siempre hago esta reflexi\u00f3n. Muy pocas veces, en la historia de la humanidad, hemos tenido un problema tan grave como el que estamos viviendo, que se combate con cosas tan sencillas como cuidarnos a nosotros mismos\u201d, destac\u00f3 Suarez.<\/p>\n<p>\u201cHoy veo lo que ocurre en todo Mendoza, una ferreter\u00eda abierta, autos circulando, una despensa trabajando. Sigue funcionando la econom\u00eda en Mendoza. Tenemos casos, por supuesto, como ocurre en todos los lugares, pero nosotros estamos apostando a los mendocinos, para que con estos cuidados podamos seguir as\u00ed y no tengamos que cerrar\u201d, expres\u00f3 el mandatario tras aclarar que \u201csi lo tenemos que hacer, lo haremos. Hagamos todo el esfuerzo para que esto no ocurra, porque cerrar significa que mucha gente pierde el sustento para poder vivir\u201d.<\/p>\n<h4><strong>Reuni\u00f3n con el Presidente<\/strong><\/h4>\n<p>Sobre la reuni\u00f3n virtual con el Presidente y los gobernadores, Suarez detall\u00f3: \u201cMantenemos la postura de que a esta altura de las circunstancias lo m\u00e1s importante es que cada uno se cuide. Hay saturaci\u00f3n de la gente ante una cuarentena estricta, lo que hace que sea dif\u00edcil que se cumpla. Se dicten las normas que se dicten, est\u00e1 en la conciencia de cada uno el cuidarse. Si se mantiene la distancia, se sale solo lo necesario, se respetan las restricciones que tenemos y el uso del tapabocas, aspiramos a poder aprender a convivir con el virus\u201d.<\/p>\n<p>Al ser consultado sobre las relaci\u00f3n con el Presidente, el mandatario sostuvo que debe de ser \u201clo m\u00e1s madura posible en estas circunstancias. Hay que dejar de lado toda cuesti\u00f3n pol\u00edtica y trabajar para combatir esta pandemia y la crisis econ\u00f3mica a la que conlleva. Trato de que la relaci\u00f3n sea lo mejor que se pueda, pero obviamente defendiendo los derechos de los mendocinos, peleando por lo que corresponde\u201d.<\/p>\n<h4><strong>Sobre las medidas de prevenci\u00f3n<\/strong><\/h4>\n<p>Agreg\u00f3 que \u201cfalta mucho tiempo, quiz\u00e1s, para que la ciencia encuentre la salida con una vacuna. Cuando digo 6 o 7 meses es much\u00edsimo el tiempo y ojal\u00e1 esos sean los plazos. Por eso hay que cuidarse. Vemos que a muchos j\u00f3venes no les pasa nada pero s\u00ed a los adultos mayores. Las camas de terapia intensiva est\u00e1n llegando a su l\u00edmite\u201d.<\/p>\n<p>\u201cEst\u00e1 comprobado en el mundo que hay que usar el tapaboca correctamente en todas las circunstancias posibles y mantener los dos metros de distancia. Es el arma m\u00e1s eficaz para combatir el virus\u201d, complet\u00f3 el mandatario.<\/p>\n<h4><strong>Contagios<\/strong><\/h4>\n<p>En cuanto al pico de contagios, el Gobernador indic\u00f3 que \u201ces dif\u00edcil saber cu\u00e1ndo suceder\u00e1\u201d y que \u201cva a depender del comportamiento humano. Ayer tuvimos un pico y creo que se vincula con lo que fue el fin de semana largo del D\u00eda del Ni\u00f1o\u201d.<\/p>\n<p>\u201cVamos a seguir incorporando camas. Tambi\u00e9n estamos trabajando junto al sistema de salud privado. Ya hay casos que son muy leves, lo que les permite estar en sus casas, con todos los cuidados. Tambi\u00e9n incorporamos cerca de 70 personas para trabajar en un sistema de llamados telef\u00f3nicos para constatar que est\u00e9n en sus casas esos pacientes. Se trata de estatales que est\u00e1n cumpliendo sus funciones desde el hogar\u201d, detall\u00f3 Suarez.<\/p>\n<h4><strong>Las reuniones familiares<\/strong><\/h4>\n<p>El mandatario indic\u00f3 que \u201chasta que no baje la curva de contagios, las reuniones familiares seguir\u00e1n suspendidas\u201d. As\u00ed, apunt\u00f3 que \u201cla \u00fanica manera de aplanar la curva es cuid\u00e1ndonos y respetando las medidas\u201d.<\/p>\n<h4><strong>Situaci\u00f3n econ\u00f3mica<\/strong><\/h4>\n<p>El Gobernador record\u00f3 que la situaci\u00f3n econ\u00f3mica por la que atraviesa la provincia \u201ces muy cr\u00edtica. Tiene ingresos que tienen que ver con la coparticipaci\u00f3n nacional pero tambi\u00e9n tenemos muchos ingresos propios, pero el consumo est\u00e1 restringido y, cuando eso sucede, las arcas del Estado se resienten. El insumo sanitario es muy caro y estamos gastando mucho en ello\u201d.<\/p>\n<p>Agreg\u00f3 que, pese a este panorama, \u201cno hemos dejado de pagar los salarios. El Estado ha seguido funcionando. Vamos a pagar el aguinaldo. Hacemos un gran esfuerzo de austeridad para que todo esto sea posible\u201d.<\/p>\n<h4><strong>Baja del delito<\/strong><\/h4>\n<p>\u201cEn abril hubo una ca\u00edda del delito que fue realmente hist\u00f3rica. Tiene que ver con la cuarentena. No obstante, al d\u00eda de la fecha, seguimos con \u00edndices m\u00e1s bajos comparados con el a\u00f1o anterior. La Polic\u00eda est\u00e1 realizando un gran esfuerzo, al igual que todo el personal de Salud. Cuando interpelamos a la sociedad, lo hacemos pensando en cuidarlos a ellos tambi\u00e9n\u201d.<\/p>\n<h5><strong><em>A.C.<\/em><\/strong><\/h5>\n","protected":false},"excerpt":{"rendered":"<p>As\u00ed lo dijo el Gobernador durante una entrega de viviendas. Desde all\u00ed les pidi\u00f3 a los mendocinos \u201ccuidarse m\u00e1s que nunca\u201d &#8230;<\/p>\n","protected":false},"author":7,"featured_media":75691,"comment_status":"open","ping_status":"open","sticky":false,"template":"","format":"standard","meta":{"footnotes":""},"categories":[5,72,7],"tags":[],"class_list":["post-75690","post","type-post","status-publish","format-standard","has-post-thumbnail","hentry","category-actualidad","category-cuarentena","category-politica"],"_links":{"self":[{"href":"https:\/\/vinasfm.com\/noticias\/wp-json\/wp\/v2\/posts\/75690","targetHints":{"allow":["GET"]}}],"collection":[{"href":"https:\/\/vinasfm.com\/noticias\/wp-json\/wp\/v2\/posts"}],"about":[{"href":"https:\/\/vinasfm.com\/noticias\/wp-json\/wp\/v2\/types\/post"}],"author":[{"embeddable":true,"href":"https:\/\/vinasfm.com\/noticias\/wp-json\/wp\/v2\/users\/7"}],"replies":[{"embeddable":true,"href":"https:\/\/vinasfm.com\/noticias\/wp-json\/wp\/v2\/comments?post=75690"}],"version-history":[{"count":1,"href":"https:\/\/vinasfm.com\/noticias\/wp-json\/wp\/v2\/posts\/75690\/revisions"}],"predecessor-version":[{"id":75692,"href":"https:\/\/vinasfm.com\/noticias\/wp-json\/wp\/v2\/posts\/75690\/revisions\/75692"}],"wp:featuredmedia":[{"embeddable":true,"href":"https:\/\/vinasfm.com\/noticias\/wp-json\/wp\/v2\/media\/75691"}],"wp:attachment":[{"href":"https:\/\/vinasfm.com\/noticias\/wp-json\/wp\/v2\/media?parent=75690"}],"wp:term":[{"taxonomy":"category","embeddable":true,"href":"https:\/\/vinasfm.com\/noticias\/wp-json\/wp\/v2\/categories?post=75690"},{"taxonomy":"post_tag","embeddable":true,"href":"https:\/\/vinasfm.com\/noticias\/wp-json\/wp\/v2\/tags?post=75690"}],"curies":[{"name":"wp","href":"https:\/\/api.w.org\/{rel}","templated":true}]}}