{"id":75678,"date":"2020-08-28T08:09:41","date_gmt":"2020-08-28T11:09:41","guid":{"rendered":"http:\/\/vinasfm.com\/noticias\/?p=75678"},"modified":"2020-08-29T12:14:17","modified_gmt":"2020-08-29T15:14:17","slug":"alvear-un-empleado-municipal-dio-positivo-de-coronavirus","status":"publish","type":"post","link":"https:\/\/vinasfm.com\/noticias\/alvear-un-empleado-municipal-dio-positivo-de-coronavirus\/","title":{"rendered":"ALVEAR: UN EMPLEADO MUNICIPAL DIO POSITIVO DE CORONAVIRUS"},"content":{"rendered":"<h4><strong>Desde la Municipalidad de General Alvear informaron que un empleado municipal del \u00e1rea Sistema de Alerta Comunitaria que funciona en oficinas externas al edificio municipal, dio positivo para Covid-19.<\/strong><\/h4>\n<p>El paciente <strong>est\u00e1 aislado desde el jueves 20 de agosto<\/strong>, su familia y el personal municipal que estuvo en contacto con \u00e9l, tambi\u00e9n se encuentran aislados cumpliendo los protocolos sanitarios.<\/p>\n<p>Entre otras de las medidas, se procedi\u00f3 a realizar la <strong>desinfecci\u00f3n del edificio donde funciona el SAC<\/strong>. Si bien el servicio de monitoreo SAC contin\u00faa con su funcionamiento normal, du<strong>rante el d\u00eda viernes 28 de agosto, las dependencias de Direcci\u00f3n de Educaci\u00f3n, Fotocopiadora Estudiantil, Relaciones con la Comunidad, Asesor\u00eda de la Mujer y Asesor\u00eda de la Ni\u00f1ez, Adolescencia y Juventud, con las que SAC comparte edificio, permanecer\u00e1n cerradas<\/strong> por operativos de desinfecci\u00f3n preventivos a cargo de Defensa Civil, que dieron inicio durante la madrugada de hoy (cabe aclarar que <strong>si bien las \u00e1reas mencionadas comparten edificio con SAC, est\u00e1n totalmente separadas entre s\u00ed y no comparten espacios comunes)<\/strong>.<\/p>\n<p>Para mayor tranquilidad de la poblaci\u00f3n, es pertinente destacar que <strong>la oficina del SAC no tiene contacto con el p\u00fablico en general,<\/strong> y que la \u00faltima reuni\u00f3n con vecinos que llev\u00f3 adelante personal del \u00e1rea para la instalaci\u00f3n del equipamiento de alerta comunitaria, fue el d\u00eda 31 de julio.<\/p>\n<p>Adem\u00e1s, por prevenci\u00f3n, durante esta pasada madrugada, <strong>tambi\u00e9n se procedi\u00f3 a la desinfecci\u00f3n del edificio municipal principal.<\/strong><\/p>\n<h5><strong><em>A.C.<\/em><\/strong><\/h5>\n","protected":false},"excerpt":{"rendered":"<p>Desde la Municipalidad de General Alvear informaron que un empleado municipal del \u00e1rea Sistema de Alerta Comunitaria que funciona en oficinas &#8230;<\/p>\n","protected":false},"author":7,"featured_media":45438,"comment_status":"open","ping_status":"open","sticky":false,"template":"","format":"standard","meta":{"footnotes":""},"categories":[5,62],"tags":[],"class_list":["post-75678","post","type-post","status-publish","format-standard","has-post-thumbnail","hentry","category-actualidad","category-coronavirus"],"_links":{"self":[{"href":"https:\/\/vinasfm.com\/noticias\/wp-json\/wp\/v2\/posts\/75678","targetHints":{"allow":["GET"]}}],"collection":[{"href":"https:\/\/vinasfm.com\/noticias\/wp-json\/wp\/v2\/posts"}],"about":[{"href":"https:\/\/vinasfm.com\/noticias\/wp-json\/wp\/v2\/types\/post"}],"author":[{"embeddable":true,"href":"https:\/\/vinasfm.com\/noticias\/wp-json\/wp\/v2\/users\/7"}],"replies":[{"embeddable":true,"href":"https:\/\/vinasfm.com\/noticias\/wp-json\/wp\/v2\/comments?post=75678"}],"version-history":[{"count":2,"href":"https:\/\/vinasfm.com\/noticias\/wp-json\/wp\/v2\/posts\/75678\/revisions"}],"predecessor-version":[{"id":75685,"href":"https:\/\/vinasfm.com\/noticias\/wp-json\/wp\/v2\/posts\/75678\/revisions\/75685"}],"wp:featuredmedia":[{"embeddable":true,"href":"https:\/\/vinasfm.com\/noticias\/wp-json\/wp\/v2\/media\/45438"}],"wp:attachment":[{"href":"https:\/\/vinasfm.com\/noticias\/wp-json\/wp\/v2\/media?parent=75678"}],"wp:term":[{"taxonomy":"category","embeddable":true,"href":"https:\/\/vinasfm.com\/noticias\/wp-json\/wp\/v2\/categories?post=75678"},{"taxonomy":"post_tag","embeddable":true,"href":"https:\/\/vinasfm.com\/noticias\/wp-json\/wp\/v2\/tags?post=75678"}],"curies":[{"name":"wp","href":"https:\/\/api.w.org\/{rel}","templated":true}]}}