{"id":75506,"date":"2020-08-26T07:35:35","date_gmt":"2020-08-26T10:35:35","guid":{"rendered":"http:\/\/vinasfm.com\/noticias\/?p=75506"},"modified":"2020-08-27T10:25:43","modified_gmt":"2020-08-27T13:25:43","slug":"record-de-contagios-en-mendoza-se-confirmaron-351-casos-en-las-ultimas-24-horas","status":"publish","type":"post","link":"https:\/\/vinasfm.com\/noticias\/record-de-contagios-en-mendoza-se-confirmaron-351-casos-en-las-ultimas-24-horas\/","title":{"rendered":"R\u00c9CORD DE CONTAGIOS EN MENDOZA: SE CONFIRMARON 351 CASOS EN LAS \u00daLTIMAS 24 HORAS"},"content":{"rendered":"<h4><strong>Este martes por la noche el Ministerio de Salud confirm\u00f3 un nuevo r\u00e9cord de contagios en Mendoza con\u00a0351\u00a0casos por PCR de COVID-19.<\/strong><\/h4>\n<p>La Red de Laboratorios detall\u00f3\u00a0que entre las \u00faltimas horas del lunes\u00a0y este martes\u00a0se procesaron 922 determinaciones:<\/p>\n<ul>\n<li><strong>615 fueron negativas.<\/strong><\/li>\n<li><strong>Se registraron por PCR 307 nuevos casos positivos.<\/strong><\/li>\n<li><strong>Casos confirmados por nexo cl\u00ednico epidemiol\u00f3gico del 19 al 25 de agosto: 44.<\/strong><\/li>\n<\/ul>\n<p><strong>Positivos por PCR:<\/strong><\/p>\n<ul>\n<li>Con nexo por contacto estrecho con positivos de COVID-19: 258 pacientes. Todos con nexos familiares y contactos estrechos que presentaron s\u00edntomas y el equipo de Salud sali\u00f3 a hisopar.<\/li>\n<li>Personal de Salud: 5 pacientes.<\/li>\n<li>En investigaci\u00f3n: 44 pacientes.<\/li>\n<\/ul>\n<p>Por otro lado, Salud inform\u00f3 la\u00a0<strong>recuperaci\u00f3n de 112 pacientes con COVID-19<\/strong>.<\/p>\n<p>Tambi\u00e9n, los hospitales provinciales comunicaron\u00a0el\u00a0<strong>fallecimiento de 7 pacientes con COVID-19<\/strong>:<\/p>\n<ul>\n<li>Mujer de 32 a\u00f1os internada en el Hospital Central desde el 17\/08. La paciente contaba con una enfermedad inmunol\u00f3gica avanzada.<\/li>\n<li>Hombre de 63 a\u00f1os internado en el Hospital Central desde el 07\/08. El paciente contaba con varias comorbilidades.<\/li>\n<li>Hombre de 77 a\u00f1os internado en el Hospital Santa Isabel de Hungr\u00eda desde el 12\/08. El paciente presentaba comorbilidades previas.<\/li>\n<li>Hombre de 85 a\u00f1os internado en el Hospital Santa Isabel de Hungr\u00eda desde el 10\/08. El paciente presentaba comorbilidades previas.<\/li>\n<li>Mujer de 37 a\u00f1os internada en la Cl\u00ednica Santa Clara desde el 31\/07. La paciente contaba con antecedente de tuberculosis.<\/li>\n<li>Hombre de 71 a\u00f1os internado en el Hospital Central desde el 21\/07. El paciente presentaba comorbilidades previas.<\/li>\n<li>Hombre de 79 a\u00f1os internado en el Hospital Privado desde el 26\/07. El paciente presentaba comorbilidades previas.<\/li>\n<\/ul>\n<p>De esta manera,\u00a0<strong>Mendoza cuenta con 5.585 casos positivos confirmados<\/strong>. Son 61 casos importados \u2013gente que ha llegado de otros pa\u00edses\u2013, 4.566 por contacto estrecho con alguien que vino de otro pa\u00eds o dio positivo de COVID-19, 44 por casos confirmados por nexo cl\u00ednico epidemiol\u00f3gico y 914 en investigaci\u00f3n epidemiol\u00f3gica.<\/p>\n<p>Tambi\u00e9n, la provincia tiene\u00a0<strong>1.466 personas recuperadas y 107 fallecimientos por COVID-19<\/strong>.<\/p>\n<h5><em>F.B.<\/em><\/h5>\n","protected":false},"excerpt":{"rendered":"<p>Este martes por la noche el Ministerio de Salud confirm\u00f3 un nuevo r\u00e9cord de contagios en Mendoza con\u00a0351\u00a0casos por PCR de &#8230;<\/p>\n","protected":false},"author":8,"featured_media":71727,"comment_status":"open","ping_status":"open","sticky":false,"template":"","format":"standard","meta":{"footnotes":""},"categories":[1],"tags":[],"class_list":["post-75506","post","type-post","status-publish","format-standard","has-post-thumbnail","hentry","category-fmvinas"],"_links":{"self":[{"href":"https:\/\/vinasfm.com\/noticias\/wp-json\/wp\/v2\/posts\/75506","targetHints":{"allow":["GET"]}}],"collection":[{"href":"https:\/\/vinasfm.com\/noticias\/wp-json\/wp\/v2\/posts"}],"about":[{"href":"https:\/\/vinasfm.com\/noticias\/wp-json\/wp\/v2\/types\/post"}],"author":[{"embeddable":true,"href":"https:\/\/vinasfm.com\/noticias\/wp-json\/wp\/v2\/users\/8"}],"replies":[{"embeddable":true,"href":"https:\/\/vinasfm.com\/noticias\/wp-json\/wp\/v2\/comments?post=75506"}],"version-history":[{"count":1,"href":"https:\/\/vinasfm.com\/noticias\/wp-json\/wp\/v2\/posts\/75506\/revisions"}],"predecessor-version":[{"id":75509,"href":"https:\/\/vinasfm.com\/noticias\/wp-json\/wp\/v2\/posts\/75506\/revisions\/75509"}],"wp:featuredmedia":[{"embeddable":true,"href":"https:\/\/vinasfm.com\/noticias\/wp-json\/wp\/v2\/media\/71727"}],"wp:attachment":[{"href":"https:\/\/vinasfm.com\/noticias\/wp-json\/wp\/v2\/media?parent=75506"}],"wp:term":[{"taxonomy":"category","embeddable":true,"href":"https:\/\/vinasfm.com\/noticias\/wp-json\/wp\/v2\/categories?post=75506"},{"taxonomy":"post_tag","embeddable":true,"href":"https:\/\/vinasfm.com\/noticias\/wp-json\/wp\/v2\/tags?post=75506"}],"curies":[{"name":"wp","href":"https:\/\/api.w.org\/{rel}","templated":true}]}}