{"id":75473,"date":"2020-08-25T10:44:34","date_gmt":"2020-08-25T13:44:34","guid":{"rendered":"http:\/\/vinasfm.com\/noticias\/?p=75473"},"modified":"2020-08-29T12:08:26","modified_gmt":"2020-08-29T15:08:26","slug":"como-continuan-los-controles-viales-en-alvear-y-cuantas-actas-diarias-se-labran-en-promedio","status":"publish","type":"post","link":"https:\/\/vinasfm.com\/noticias\/como-continuan-los-controles-viales-en-alvear-y-cuantas-actas-diarias-se-labran-en-promedio\/","title":{"rendered":"C\u00d3MO CONTIN\u00daAN LOS CONTROLES VIALES EN ALVEAR Y CU\u00c1NTAS ACTAS DIARIAS SE LABRAN EN PROMEDIO"},"content":{"rendered":"<h4><strong>En medio de la pandemia detonada por el Coronavirus, los controles por parte de las fuerzas de Seguridad en el departamento han sido exhaustivos controlando personas y veh\u00edculos a fin de que cumplan con la normativa de circulaci\u00f3n vigente.<\/strong><\/h4>\n<p><strong>\u00ab<em>Despu\u00e9s de los anuncios del Intendente la semana pasada, se han intensificado los controles en distintos puntos del departamento solicitando la documentaci\u00f3n correspondiente al veh\u00edculo y documentos personales<\/em>\u00ab, <\/strong>manifest\u00f3 el<strong> Sub Comisario Jos\u00e9 L\u00f3pez <\/strong>en el aire de <em>F.M. Vi\u00f1as<\/em><strong>, <\/strong>di\u00e1logo en el que evalu\u00f3 el acatamiento de los alvearenses en cuanto a la circulaci\u00f3n cotidiana.<\/p>\n<div id=\"attachment_67614\" style=\"width: 275px\" class=\"wp-caption alignleft\"><a href=\"http:\/\/vinasfm.com\/noticias\/wp-content\/uploads\/2020\/04\/JOSE-LOPEZ.jpg\"><img loading=\"lazy\" decoding=\"async\" aria-describedby=\"caption-attachment-67614\" class=\"wp-image-67614 \" src=\"http:\/\/vinasfm.com\/noticias\/wp-content\/uploads\/2020\/04\/JOSE-LOPEZ-300x273.jpg\" alt=\"\" width=\"275\" height=\"250\" srcset=\"https:\/\/vinasfm.com\/noticias\/wp-content\/uploads\/2020\/04\/JOSE-LOPEZ-300x273.jpg 300w, https:\/\/vinasfm.com\/noticias\/wp-content\/uploads\/2020\/04\/JOSE-LOPEZ.jpg 448w\" sizes=\"auto, (max-width: 275px) 100vw, 275px\" \/><\/a><p id=\"caption-attachment-67614\" class=\"wp-caption-text\">Sub Comisario Jos\u00e9 L\u00f3pez.<\/p><\/div>\n<p>Al ser consultado por la adhesi\u00f3n de los usuarios de la v\u00eda p\u00fablica y su actitud frente a los controles vigentes, L\u00f3pez asegur\u00f3: \u00ab<strong><em>A partir del momento en que empezaron a haber casos en Alvear, se redujo un 30% la circulaci\u00f3n respetando la salidas cuando le corresponda el d\u00eda pero hay muchos que aun no hacen caso e infringen el art. 205<\/em><\/strong>\u00ab.<\/p>\n<p>Respecto a las actas labradas por distintas infracciones cometidas, el efectivo asever\u00f3 que <strong>por d\u00eda se realizan entre 8 y 10 actas viales<\/strong> discriminada en leves, graves o grav\u00edsimas. Adem\u00e1s, \u00ab<em><strong>por fin de semana se labran en promedio 2 sanciones por dosaje de alcoholemia positiva superando el gramo de alcohol en sangre<\/strong>. <strong>A esto hay que sumarle aquellos que incumplen el art. 205 y circulan fuera del horario y\/o d\u00eda permitido<\/strong><\/em>\u00ab, subray\u00f3 el Sub Comisario.<\/p>\n<p>A nivel provincial, <strong>entre el 20 de marzo y el 24 de agosto<\/strong> de este a\u00f1o, efectivos policiales de Vial <strong>labraron 18.225 multas<\/strong> y <strong>se realizaron 3.573 controles de alcoholemia<\/strong>. De este modo, <strong>289 actas por el consumo de alcohol al volante resultaron positivas<\/strong>. Tambi\u00e9n <strong>los operativos viales arrojaron 3.498\u00a0 faltas grav\u00edsimas<\/strong>, <strong>3.395 multas graves<\/strong>, <strong>8.741 actas por infracciones leves<\/strong> y por \u00faltimo, <strong>2.591 concursos<\/strong>.<\/p>\n<h5><em>\u2022F.B. (F.M. Vi\u00f1as).<\/em><\/h5>\n","protected":false},"excerpt":{"rendered":"<p>En medio de la pandemia detonada por el Coronavirus, los controles por parte de las fuerzas de Seguridad en el departamento &#8230;<\/p>\n","protected":false},"author":8,"featured_media":75475,"comment_status":"open","ping_status":"open","sticky":false,"template":"","format":"standard","meta":{"footnotes":""},"categories":[1],"tags":[],"class_list":["post-75473","post","type-post","status-publish","format-standard","has-post-thumbnail","hentry","category-fmvinas"],"_links":{"self":[{"href":"https:\/\/vinasfm.com\/noticias\/wp-json\/wp\/v2\/posts\/75473","targetHints":{"allow":["GET"]}}],"collection":[{"href":"https:\/\/vinasfm.com\/noticias\/wp-json\/wp\/v2\/posts"}],"about":[{"href":"https:\/\/vinasfm.com\/noticias\/wp-json\/wp\/v2\/types\/post"}],"author":[{"embeddable":true,"href":"https:\/\/vinasfm.com\/noticias\/wp-json\/wp\/v2\/users\/8"}],"replies":[{"embeddable":true,"href":"https:\/\/vinasfm.com\/noticias\/wp-json\/wp\/v2\/comments?post=75473"}],"version-history":[{"count":2,"href":"https:\/\/vinasfm.com\/noticias\/wp-json\/wp\/v2\/posts\/75473\/revisions"}],"predecessor-version":[{"id":75484,"href":"https:\/\/vinasfm.com\/noticias\/wp-json\/wp\/v2\/posts\/75473\/revisions\/75484"}],"wp:featuredmedia":[{"embeddable":true,"href":"https:\/\/vinasfm.com\/noticias\/wp-json\/wp\/v2\/media\/75475"}],"wp:attachment":[{"href":"https:\/\/vinasfm.com\/noticias\/wp-json\/wp\/v2\/media?parent=75473"}],"wp:term":[{"taxonomy":"category","embeddable":true,"href":"https:\/\/vinasfm.com\/noticias\/wp-json\/wp\/v2\/categories?post=75473"},{"taxonomy":"post_tag","embeddable":true,"href":"https:\/\/vinasfm.com\/noticias\/wp-json\/wp\/v2\/tags?post=75473"}],"curies":[{"name":"wp","href":"https:\/\/api.w.org\/{rel}","templated":true}]}}