{"id":75414,"date":"2020-08-24T10:28:17","date_gmt":"2020-08-24T13:28:17","guid":{"rendered":"http:\/\/vinasfm.com\/noticias\/?p=75414"},"modified":"2020-08-25T10:21:44","modified_gmt":"2020-08-25T13:21:44","slug":"alberto-larregola-representante-del-ciai-la-pampa-desconoce-lo-que-es-trabajar-e-invertir-en-los-rios","status":"publish","type":"post","link":"https:\/\/vinasfm.com\/noticias\/alberto-larregola-representante-del-ciai-la-pampa-desconoce-lo-que-es-trabajar-e-invertir-en-los-rios\/","title":{"rendered":"ALBERTO LARREGOLA REPRESENTANTE DEL CIAI: &#8216;LA PAMPA DESCONOCE LO QUE ES TRABAJAR E INVERTIR EN LOS R\u00cdOS&#8217;"},"content":{"rendered":"<h4><strong>El CIAI (Comit\u00e9 Interprovincial del Atuel Inferior) se conform\u00f3 para buscar una soluci\u00f3n al problema del agua que pide La Pampa para \u201cmantener su caudal ecol\u00f3gico\u201d. \u00a0Luego de dos a\u00f1os de no ponerse de acuerdo la Corte dictamin\u00f3 que Mendoza tiene que entregar en el l\u00edmite 3,2m<sup>3 <\/sup>de agua, previo a la realizaci\u00f3n de obras.<\/strong><\/h4>\n<p>En dialogo con F.M. Vi\u00f1as, el<strong> Ing. Alberto Larregola, uno de los dos representantes de Alvear,<\/strong> se\u00f1al\u00f3 que el plazo para llegar a un acuerdo es de 90 d\u00edas, (de los cuales pasaron m\u00e1s de 30). <strong>Naci\u00f3n las financiar\u00eda al 70% y 15% cada una de las provincias.<\/strong><\/p>\n<p><em>\u201cLa Pampa no quiere poner plata y dicen que les tenemos que dar agua porque Valle Grande est\u00e1 lleno. <strong>Tienen un desconocimiento total del manejo del agua de riego<\/strong><\/em>\u201d, sostuvo.<\/p>\n<p>Por su parte Naci\u00f3n <strong>tampoco quiere invertir fondos que no sean exclusivamente en el caudal del R\u00edo, desestimando mejoras en el riego dentro de las fincas<\/strong> de Alvear y San Rafael. \u201c<em>Eso ayudar\u00eda a dejar agua disponible\u201d<\/em>, acot\u00f3.<\/p>\n<p>En cuanto a planteo de instalar perforaciones, \u201c<strong><em>todas las que puede pagar el gobierno nacional no llegar\u00edan a un metro cubico\u201d.<\/em><\/strong> Entre la salida de Carmensa y la llegada al l\u00edmite <strong>se pierden 3m<sup>3 <\/sup>por infiltraci\u00f3n.<\/strong><\/p>\n<p>Si no llega a un acuerdo, Naci\u00f3n definir\u00e1, teniendo la posibilidad de apelar a la Suprema Corte de Justicia. \u201c<em>La Corte cometi\u00f3 un error es fijar un caudal permanente\u201d<\/em>, agreg\u00f3, desconociendo las caracter\u00edsticas de un curso de monta\u00f1a.<\/p>\n<p>Adem\u00e1s hay una sugerencia de cambiar el estatus de esta comisi\u00f3n, <em>\u201cLa Pampa pretender ser parte del manejo de las aguas del R\u00edo Atuel<\/em>\u201d, lo cual contradice a la Ley de Aguas, \u201cno tiene viabilidad alguna\u201d sostuvo.<\/p>\n<p><strong><em>\u201cLa Pampa desconoce completamente lo que es trabajar en los r\u00edos, en invertir en obras los pampeanos no tienen ni idea. Lo \u00fanico que les interesa es el conflicto pol\u00edtico\u201d,<\/em><\/strong> complet\u00f3 Larregola.<\/p>\n<h5><strong><em>A.C.<\/em><\/strong><\/h5>\n","protected":false},"excerpt":{"rendered":"<p>El CIAI (Comit\u00e9 Interprovincial del Atuel Inferior) se conform\u00f3 para buscar una soluci\u00f3n al problema del agua que pide La Pampa &#8230;<\/p>\n","protected":false},"author":7,"featured_media":60692,"comment_status":"open","ping_status":"open","sticky":false,"template":"","format":"standard","meta":{"footnotes":""},"categories":[5,54],"tags":[],"class_list":["post-75414","post","type-post","status-publish","format-standard","has-post-thumbnail","hentry","category-actualidad","category-conflicto-con-la-pampa"],"_links":{"self":[{"href":"https:\/\/vinasfm.com\/noticias\/wp-json\/wp\/v2\/posts\/75414","targetHints":{"allow":["GET"]}}],"collection":[{"href":"https:\/\/vinasfm.com\/noticias\/wp-json\/wp\/v2\/posts"}],"about":[{"href":"https:\/\/vinasfm.com\/noticias\/wp-json\/wp\/v2\/types\/post"}],"author":[{"embeddable":true,"href":"https:\/\/vinasfm.com\/noticias\/wp-json\/wp\/v2\/users\/7"}],"replies":[{"embeddable":true,"href":"https:\/\/vinasfm.com\/noticias\/wp-json\/wp\/v2\/comments?post=75414"}],"version-history":[{"count":1,"href":"https:\/\/vinasfm.com\/noticias\/wp-json\/wp\/v2\/posts\/75414\/revisions"}],"predecessor-version":[{"id":75428,"href":"https:\/\/vinasfm.com\/noticias\/wp-json\/wp\/v2\/posts\/75414\/revisions\/75428"}],"wp:featuredmedia":[{"embeddable":true,"href":"https:\/\/vinasfm.com\/noticias\/wp-json\/wp\/v2\/media\/60692"}],"wp:attachment":[{"href":"https:\/\/vinasfm.com\/noticias\/wp-json\/wp\/v2\/media?parent=75414"}],"wp:term":[{"taxonomy":"category","embeddable":true,"href":"https:\/\/vinasfm.com\/noticias\/wp-json\/wp\/v2\/categories?post=75414"},{"taxonomy":"post_tag","embeddable":true,"href":"https:\/\/vinasfm.com\/noticias\/wp-json\/wp\/v2\/tags?post=75414"}],"curies":[{"name":"wp","href":"https:\/\/api.w.org\/{rel}","templated":true}]}}