{"id":75393,"date":"2020-08-24T06:00:31","date_gmt":"2020-08-24T09:00:31","guid":{"rendered":"http:\/\/vinasfm.com\/noticias\/?p=75393"},"modified":"2020-08-25T08:12:07","modified_gmt":"2020-08-25T11:12:07","slug":"se-incendiaron-mas-de-100-hectareas-en-jaime-prats","status":"publish","type":"post","link":"https:\/\/vinasfm.com\/noticias\/se-incendiaron-mas-de-100-hectareas-en-jaime-prats\/","title":{"rendered":"SE INCENDIARON M\u00c1S DE 100 HECT\u00c1REAS EN JAIME PRATS"},"content":{"rendered":"<h5><strong>Pasadas las 18 de este s\u00e1bado un incendio de gran magnitud se produjo en una finca de Jaime Prats sobre ruta 200 del distrito de Jaime Prats, con la labor del personal de bomberos voluntarios de Villa Atuel se logr\u00f3 sofocar el siniestro que afect\u00f3 unas 3 hect\u00e1reas.<\/strong><\/h5>\n<p>En el mismo distrito una hora m\u00e1s tarde se produjo otro foco en un campo inculto, pero el avance de las llamas alcanz\u00f3 a una finca cultivada y pese a la ardua labor del personal de bomberos las llamas consumieron unas 100 hect\u00e1reas de \u00ab<strong><em>Finca Doch<\/em><\/strong>\u00ab, 12 de las mismas de vi\u00f1edos, seg\u00fan public\u00f3 Media Mendoza.<\/p>\n<p>Se insta a la ciudadan\u00eda abstenerse de hacer limpieza de malezas a trav\u00e9s del fuego, los incendios intencionales est\u00e1n penados por la ley y se ponen en riesgo la vida de pobladores cercanos, como la de los servidores p\u00fablicos voluntarios que trabajan para extinguir las llamas y se ocasionan grandes p\u00e9rdidas materiales.<\/p>\n<h5><em>\u2022F.B.<\/em><\/h5>\n","protected":false},"excerpt":{"rendered":"<p>Pasadas las 18 de este s\u00e1bado un incendio de gran magnitud se produjo en una finca de Jaime Prats sobre ruta &#8230;<\/p>\n","protected":false},"author":8,"featured_media":75394,"comment_status":"open","ping_status":"open","sticky":false,"template":"","format":"standard","meta":{"footnotes":""},"categories":[5,76],"tags":[],"class_list":["post-75393","post","type-post","status-publish","format-standard","has-post-thumbnail","hentry","category-actualidad","category-bomberos"],"_links":{"self":[{"href":"https:\/\/vinasfm.com\/noticias\/wp-json\/wp\/v2\/posts\/75393","targetHints":{"allow":["GET"]}}],"collection":[{"href":"https:\/\/vinasfm.com\/noticias\/wp-json\/wp\/v2\/posts"}],"about":[{"href":"https:\/\/vinasfm.com\/noticias\/wp-json\/wp\/v2\/types\/post"}],"author":[{"embeddable":true,"href":"https:\/\/vinasfm.com\/noticias\/wp-json\/wp\/v2\/users\/8"}],"replies":[{"embeddable":true,"href":"https:\/\/vinasfm.com\/noticias\/wp-json\/wp\/v2\/comments?post=75393"}],"version-history":[{"count":1,"href":"https:\/\/vinasfm.com\/noticias\/wp-json\/wp\/v2\/posts\/75393\/revisions"}],"predecessor-version":[{"id":75395,"href":"https:\/\/vinasfm.com\/noticias\/wp-json\/wp\/v2\/posts\/75393\/revisions\/75395"}],"wp:featuredmedia":[{"embeddable":true,"href":"https:\/\/vinasfm.com\/noticias\/wp-json\/wp\/v2\/media\/75394"}],"wp:attachment":[{"href":"https:\/\/vinasfm.com\/noticias\/wp-json\/wp\/v2\/media?parent=75393"}],"wp:term":[{"taxonomy":"category","embeddable":true,"href":"https:\/\/vinasfm.com\/noticias\/wp-json\/wp\/v2\/categories?post=75393"},{"taxonomy":"post_tag","embeddable":true,"href":"https:\/\/vinasfm.com\/noticias\/wp-json\/wp\/v2\/tags?post=75393"}],"curies":[{"name":"wp","href":"https:\/\/api.w.org\/{rel}","templated":true}]}}