{"id":75033,"date":"2020-08-19T08:03:16","date_gmt":"2020-08-19T11:03:16","guid":{"rendered":"http:\/\/vinasfm.com\/noticias\/?p=75033"},"modified":"2020-08-19T21:48:39","modified_gmt":"2020-08-20T00:48:39","slug":"legislador-pampeano-pide-recuperar-los-banados-del-atuel","status":"publish","type":"post","link":"https:\/\/vinasfm.com\/noticias\/legislador-pampeano-pide-recuperar-los-banados-del-atuel\/","title":{"rendered":"LEGISLADOR PAMPEANO PIDE RECUPERAR LOS BA\u00d1ADOS DEL ATUEL"},"content":{"rendered":"<h4><strong>Un diputado nacional pampeano present\u00f3 un proyecto de Ley de Humedales con el objetivo, entre otras cosas, de recuperar los ba\u00f1ados del Atuel.<\/strong><\/h4>\n<p>Se trata de Hern\u00e1n P\u00e9rez Araujo, que remarc\u00f3 la necesidad de pol\u00edticas federales y de que las provincias act\u00faen con autonom\u00eda. La iniciativa, seg\u00fan public\u00f3 El Diario de La Pampa, pretende establecer presupuestos m\u00ednimos para la protecci\u00f3n, recuperaci\u00f3n y uso racional y sostenible de estos ecosistemas.<\/p>\n<p>El diputado es del Frente de Todos y plante\u00f3 que su objetivo es \u201cla recuperaci\u00f3n de los ba\u00f1ados del Atuel\u201d. Seg\u00fan el legislador, se trata de una iniciativa que presenta tres ejes que la hacen distintiva respecto de las anteriores. \u201cEn primer lugar, se plantea la imperiosa necesidad de recuperar aquellos humedales da\u00f1ados, ya sea por factores antr\u00f3picos o naturales, destacando que, en los pr\u00f3ximos a\u00f1os, la recomposici\u00f3n e incluso remediaci\u00f3n de los humedales del territorio argentino ser\u00e1 tarea del Estado\u201d.<\/p>\n<p>Otro punto es que el proyecto de ley prev\u00e9 que al momento de realizar el ordenamiento territorial, aquellos humedales que \u2013debido a su localizaci\u00f3n\u2013 sean interjurisdiccionales, sean categorizados por la autoridad de la cuenca h\u00eddrica o, en su defecto, de forma consensuada por las diferentes jurisdicciones correspondientes. El diputado aludi\u00f3 al estado de los ba\u00f1ados del Atuel.<\/p>\n<p>La Pampa y Mendoza se encuentran en per\u00edodo de negociaciones para acordar las obras que hacen falta para mejorar el caudal del r\u00edo Atuel en territorio pampeano y as\u00ed cumplir con el pedido de la Corte de fijar un caudal de 3,2 metros c\u00fabicos por segundo.<\/p>\n<h5><strong><em>Fuente: Diario San Rafael \/ A.C.<\/em><\/strong><\/h5>\n","protected":false},"excerpt":{"rendered":"<p>Un diputado nacional pampeano present\u00f3 un proyecto de Ley de Humedales con el objetivo, entre otras cosas, de recuperar los ba\u00f1ados &#8230;<\/p>\n","protected":false},"author":7,"featured_media":75035,"comment_status":"open","ping_status":"open","sticky":false,"template":"","format":"standard","meta":{"footnotes":""},"categories":[5,54],"tags":[],"class_list":["post-75033","post","type-post","status-publish","format-standard","has-post-thumbnail","hentry","category-actualidad","category-conflicto-con-la-pampa"],"_links":{"self":[{"href":"https:\/\/vinasfm.com\/noticias\/wp-json\/wp\/v2\/posts\/75033","targetHints":{"allow":["GET"]}}],"collection":[{"href":"https:\/\/vinasfm.com\/noticias\/wp-json\/wp\/v2\/posts"}],"about":[{"href":"https:\/\/vinasfm.com\/noticias\/wp-json\/wp\/v2\/types\/post"}],"author":[{"embeddable":true,"href":"https:\/\/vinasfm.com\/noticias\/wp-json\/wp\/v2\/users\/7"}],"replies":[{"embeddable":true,"href":"https:\/\/vinasfm.com\/noticias\/wp-json\/wp\/v2\/comments?post=75033"}],"version-history":[{"count":1,"href":"https:\/\/vinasfm.com\/noticias\/wp-json\/wp\/v2\/posts\/75033\/revisions"}],"predecessor-version":[{"id":75037,"href":"https:\/\/vinasfm.com\/noticias\/wp-json\/wp\/v2\/posts\/75033\/revisions\/75037"}],"wp:featuredmedia":[{"embeddable":true,"href":"https:\/\/vinasfm.com\/noticias\/wp-json\/wp\/v2\/media\/75035"}],"wp:attachment":[{"href":"https:\/\/vinasfm.com\/noticias\/wp-json\/wp\/v2\/media?parent=75033"}],"wp:term":[{"taxonomy":"category","embeddable":true,"href":"https:\/\/vinasfm.com\/noticias\/wp-json\/wp\/v2\/categories?post=75033"},{"taxonomy":"post_tag","embeddable":true,"href":"https:\/\/vinasfm.com\/noticias\/wp-json\/wp\/v2\/tags?post=75033"}],"curies":[{"name":"wp","href":"https:\/\/api.w.org\/{rel}","templated":true}]}}