{"id":74939,"date":"2020-08-18T08:46:25","date_gmt":"2020-08-18T11:46:25","guid":{"rendered":"http:\/\/vinasfm.com\/noticias\/?p=74939"},"modified":"2020-08-19T09:10:53","modified_gmt":"2020-08-19T12:10:53","slug":"17a-en-alvear-se-sintio-el-rechazo-a-las-medidas-del-gobierno-nacional-en-un-nuevo-caravanazo","status":"publish","type":"post","link":"https:\/\/vinasfm.com\/noticias\/17a-en-alvear-se-sintio-el-rechazo-a-las-medidas-del-gobierno-nacional-en-un-nuevo-caravanazo\/","title":{"rendered":"#17A: EN ALVEAR, SE SINTI\u00d3 EL RECHAZO A LAS MEDIDAS DEL GOBIERNO NACIONAL EN UN NUEVO &#8216;CARAVANAZO&#8217;"},"content":{"rendered":"<h4><strong>En General Alvear, un importante numero de personas asisti\u00f3 en la tarde de este lunes al Banderazo Nacional #17A\u00a0 para reclamar contra la reforma judicial que impulsa el Gobierno, y tambi\u00e9n para pedir m\u00e1s seguridad en las calles y una mayor apertura de la &#8216;cuarentena&#8217;, que cumple 150 d\u00edas.<\/strong><\/h4>\n<p>Como estaba previsto en todo el pa\u00eds, <strong>en nuestro departamento la convocatoria se realiz\u00f3 a partir de las 16h<\/strong> y el punto inicial fue el <strong>Monumento al Agua en Ruta 188<\/strong>.<\/p>\n<p>Desde all\u00ed la caravana de <strong>m\u00e1s de 150 veh\u00edculos<\/strong> ornamentados con <strong>banderas nacionales y carteles con las consignas del d\u00eda<\/strong> se moviliz\u00f3 por la principal avenida c\u00e9ntrica hasta la plaza departamental, <strong>sin bajar los participantes de sus movilidades y respetando el distanciamiento social.<\/strong><\/p>\n<p>Como en las anteriores fechas patrias, la protesta tuvo como eje el rechazo a las medidas que viene adoptando el gobierno nacional y fue convocada en redes sociales generando que en gran parte del pa\u00eds se reprodujera el banderazo bajo los lemas <strong>#NoNosVanACallar<\/strong>, <strong>#17ASalimosTodos<\/strong>, <strong>#17ABanderazoPorLaLibertad<\/strong>.<\/p>\n<p>Entre las consignas que se plantearon, los vecinos reclamaron contra la Reforma Judicial, la Modificaci\u00f3n de la Corte Suprema de Justicia, extensi\u00f3n de la cuarentena y pedir por prisi\u00f3n a los procesados y condenados por corrupci\u00f3n. La marcha mand\u00f3 a \u00ab<strong><em>honrar al Padre de la Patria defendiendo sus valores m\u00e1s unidos que nunca<\/em><\/strong>\u00ab. En tanto, los detractores se\u00f1alaron el riesgo de marchar ya que podr\u00edan promover los contagios.<\/p>\n<p><a href=\"http:\/\/vinasfm.com\/noticias\/wp-content\/uploads\/2020\/08\/114009aa-6898-4a5d-a294-01432f6f7c1c.jpg\"><img loading=\"lazy\" decoding=\"async\" class=\" wp-image-74942 aligncenter\" src=\"http:\/\/vinasfm.com\/noticias\/wp-content\/uploads\/2020\/08\/114009aa-6898-4a5d-a294-01432f6f7c1c-300x181.jpg\" alt=\"\" width=\"544\" height=\"328\" srcset=\"https:\/\/vinasfm.com\/noticias\/wp-content\/uploads\/2020\/08\/114009aa-6898-4a5d-a294-01432f6f7c1c-300x181.jpg 300w, https:\/\/vinasfm.com\/noticias\/wp-content\/uploads\/2020\/08\/114009aa-6898-4a5d-a294-01432f6f7c1c-1024x617.jpg 1024w, https:\/\/vinasfm.com\/noticias\/wp-content\/uploads\/2020\/08\/114009aa-6898-4a5d-a294-01432f6f7c1c-768x462.jpg 768w, https:\/\/vinasfm.com\/noticias\/wp-content\/uploads\/2020\/08\/114009aa-6898-4a5d-a294-01432f6f7c1c.jpg 1141w\" sizes=\"auto, (max-width: 544px) 100vw, 544px\" \/><\/a><\/p>\n<h5><em>\u2022F.B. (F.M. Vi\u00f1as).<\/em><\/h5>\n","protected":false},"excerpt":{"rendered":"<p>En General Alvear, un importante numero de personas asisti\u00f3 en la tarde de este lunes al Banderazo Nacional #17A\u00a0 para reclamar &#8230;<\/p>\n","protected":false},"author":8,"featured_media":74943,"comment_status":"open","ping_status":"open","sticky":false,"template":"","format":"standard","meta":{"footnotes":""},"categories":[5,10],"tags":[],"class_list":["post-74939","post","type-post","status-publish","format-standard","has-post-thumbnail","hentry","category-actualidad","category-destacadas"],"_links":{"self":[{"href":"https:\/\/vinasfm.com\/noticias\/wp-json\/wp\/v2\/posts\/74939","targetHints":{"allow":["GET"]}}],"collection":[{"href":"https:\/\/vinasfm.com\/noticias\/wp-json\/wp\/v2\/posts"}],"about":[{"href":"https:\/\/vinasfm.com\/noticias\/wp-json\/wp\/v2\/types\/post"}],"author":[{"embeddable":true,"href":"https:\/\/vinasfm.com\/noticias\/wp-json\/wp\/v2\/users\/8"}],"replies":[{"embeddable":true,"href":"https:\/\/vinasfm.com\/noticias\/wp-json\/wp\/v2\/comments?post=74939"}],"version-history":[{"count":1,"href":"https:\/\/vinasfm.com\/noticias\/wp-json\/wp\/v2\/posts\/74939\/revisions"}],"predecessor-version":[{"id":74983,"href":"https:\/\/vinasfm.com\/noticias\/wp-json\/wp\/v2\/posts\/74939\/revisions\/74983"}],"wp:featuredmedia":[{"embeddable":true,"href":"https:\/\/vinasfm.com\/noticias\/wp-json\/wp\/v2\/media\/74943"}],"wp:attachment":[{"href":"https:\/\/vinasfm.com\/noticias\/wp-json\/wp\/v2\/media?parent=74939"}],"wp:term":[{"taxonomy":"category","embeddable":true,"href":"https:\/\/vinasfm.com\/noticias\/wp-json\/wp\/v2\/categories?post=74939"},{"taxonomy":"post_tag","embeddable":true,"href":"https:\/\/vinasfm.com\/noticias\/wp-json\/wp\/v2\/tags?post=74939"}],"curies":[{"name":"wp","href":"https:\/\/api.w.org\/{rel}","templated":true}]}}