{"id":74935,"date":"2020-08-18T10:00:50","date_gmt":"2020-08-18T13:00:50","guid":{"rendered":"http:\/\/vinasfm.com\/noticias\/?p=74935"},"modified":"2020-08-19T09:19:07","modified_gmt":"2020-08-19T12:19:07","slug":"san-rafael-registro-13-nuevos-casos-y-es-de-25-el-total-de-infectados","status":"publish","type":"post","link":"https:\/\/vinasfm.com\/noticias\/san-rafael-registro-13-nuevos-casos-y-es-de-25-el-total-de-infectados\/","title":{"rendered":"SAN RAFAEL REGISTR\u00d3 13 NUEVOS CASOS Y ES DE 26 EL TOTAL DE INFECTADOS"},"content":{"rendered":"<h5><strong>La Direcci\u00f3n General Regi\u00f3n Sur del Ministerio de Salud de Mendoza inform\u00f3 que el Laboratorio COVID REGI\u00d3N SUR en el d\u00eda de la fecha (lunes 17) ha procesado 33 determinaciones del sur de Mendoza.<\/strong><\/h5>\n<p><strong>-20 fueron negativas.<\/strong><br \/>\n<strong>-13 fueron positivas: <\/strong><\/p>\n<ul>\n<li>12 con nexo epidemiol\u00f3gico.<\/li>\n<li>1 con nexo en investigaci\u00f3n. Todos con domicilio en San Rafael.<\/li>\n<\/ul>\n<p>Hasta la fecha, hay 25 casos positivos de Covid-19. Este domingo en la ma\u00f1ana falleci\u00f3 el hombre de 81 a\u00f1os que estaba internado en Cl\u00ednica Ciudad.<\/p>\n<p>El <strong>Sur de Mendoza cuenta con 4 pacientes recuperados<\/strong>: <em>3 fueron asistidos en el Hospital Regional Malarg\u00fce<\/em> y <em>1 fue asistido en el Hospital Enfermeros Argentinos<\/em> de General Alvear.<\/p>\n<h5><em>\u2022F.B.<\/em><\/h5>\n","protected":false},"excerpt":{"rendered":"<p>La Direcci\u00f3n General Regi\u00f3n Sur del Ministerio de Salud de Mendoza inform\u00f3 que el Laboratorio COVID REGI\u00d3N SUR en el d\u00eda &#8230;<\/p>\n","protected":false},"author":8,"featured_media":32880,"comment_status":"open","ping_status":"open","sticky":false,"template":"","format":"standard","meta":{"footnotes":""},"categories":[1],"tags":[],"class_list":["post-74935","post","type-post","status-publish","format-standard","has-post-thumbnail","hentry","category-fmvinas"],"_links":{"self":[{"href":"https:\/\/vinasfm.com\/noticias\/wp-json\/wp\/v2\/posts\/74935","targetHints":{"allow":["GET"]}}],"collection":[{"href":"https:\/\/vinasfm.com\/noticias\/wp-json\/wp\/v2\/posts"}],"about":[{"href":"https:\/\/vinasfm.com\/noticias\/wp-json\/wp\/v2\/types\/post"}],"author":[{"embeddable":true,"href":"https:\/\/vinasfm.com\/noticias\/wp-json\/wp\/v2\/users\/8"}],"replies":[{"embeddable":true,"href":"https:\/\/vinasfm.com\/noticias\/wp-json\/wp\/v2\/comments?post=74935"}],"version-history":[{"count":2,"href":"https:\/\/vinasfm.com\/noticias\/wp-json\/wp\/v2\/posts\/74935\/revisions"}],"predecessor-version":[{"id":74977,"href":"https:\/\/vinasfm.com\/noticias\/wp-json\/wp\/v2\/posts\/74935\/revisions\/74977"}],"wp:featuredmedia":[{"embeddable":true,"href":"https:\/\/vinasfm.com\/noticias\/wp-json\/wp\/v2\/media\/32880"}],"wp:attachment":[{"href":"https:\/\/vinasfm.com\/noticias\/wp-json\/wp\/v2\/media?parent=74935"}],"wp:term":[{"taxonomy":"category","embeddable":true,"href":"https:\/\/vinasfm.com\/noticias\/wp-json\/wp\/v2\/categories?post=74935"},{"taxonomy":"post_tag","embeddable":true,"href":"https:\/\/vinasfm.com\/noticias\/wp-json\/wp\/v2\/tags?post=74935"}],"curies":[{"name":"wp","href":"https:\/\/api.w.org\/{rel}","templated":true}]}}